{"id":6082,"date":"2021-02-04T02:53:20","date_gmt":"2021-02-04T00:53:20","guid":{"rendered":"http:\/\/www.mladibl.com\/?p=6082"},"modified":"2021-02-04T02:58:37","modified_gmt":"2021-02-04T00:58:37","slug":"jos-jedna-generacija-zavrsila-akademiju-za-politicke-lidere-ke-u-bih","status":"publish","type":"post","link":"https:\/\/www.mladibl.com\/?p=6082","title":{"rendered":"Jo\u0161 jedna generacija zavr\u0161ila Akademiju za politi\u010dke lidere\/ke u BiH!"},"content":{"rendered":"\n<p>Polaznici jo\u0161 jedne generacija Akademije za politi\u010dke lidere\/ke, po \u010demu je poznat i prepoznat Institut Perpetuum mobile Banja Luka,  u periodu 28-31.januara 2021, poha\u0111ali su \u010detvrti modul Akademije i time su polaznici uspje\u0161no kompletirali ovaj program.Tokom zavr\u0161nog edukativnog modula, polaznici, su imali priliku da slu\u0161aju neke od najboljih predava\u010da kada su u pitanju teme: nezaposlenost, antikorupcija i predizborne kampanje.<\/p>\n\n\n\n<p>Me\u0111u predava\u010dima\/cama bili su prof. dr Milo\u0161 \u0160olaja; Sr\u0111an Ostoji\u0107, izborni analiti\u010dar Koalicije Pod lupom; Milo\u0161 Stevanovi\u0107, menad\u017eer i politi\u010dar; Nermin Topov\u010di\u0107, koordinator projekta kampanja \u201eTvoj glas je bitan\u201c; dr Sr\u0111an Puhalo, psiholog, kolumnista i analiti\u010dar ; Milo\u0161 Stani\u0161i\u0107, mladi politi\u010dar; Anja Gruba\u010di\u0107 \u2013 Alumni Akademije za politi\u010dke lidere\/ke u BiH.<\/p>\n\n\n\n<p>U sklopu Akademije polazni su se upoznali sa platformom slobode govora \u2013 T.A.L.K.S. koju je pokrenuo Instritu Perpetuum mobile. Platforma se zasniva na maksimalnom kori\u0161tenju modernih tehnologija kako bi se promovisala sloboda govora kao jedno od osnovnih ljudskih prava, kao i pozitivni uzori u dru\u0161tvu i zajednici.<\/p>\n\n\n\n<p>Na posljednjem danu modula sve\u010dano su dodjeljene diplome akademcima. Omar Memi\u0161evi\u0107 progla\u0161ena je za najboljeg akademca generacije.<\/p>\n\n\n\n<p>Tokom poha\u0111anja ove generacije Akademije omogu\u0107ena je edukacija putem odr\u017eive online platfome. Platforma omogu\u0107ava slu\u0161anje predavanja online instrumentima s mogu\u0107no\u0161\u0107u repetativnog aspekta poha\u0111anja i analize \u010dinjenica, te me\u0111usobne otvorene diskusije sa ostalim polaznicima.<\/p>\n\n\n\n<p>\u201ePERPETUUM MOBILE \u2013 Institut za razvoj mladih i zajednice\u201c Banja Luka provodi program \u201eAkademija za politi\u010dke lidere\/ke u BiH\u201c koji, u kontinuitetu, traje od 2007. godine i ima za cilj da osposobi mlade lidere\/ke politi\u010dkih partija i da podr\u017ei novu generaciju politi\u010dara\/ki koji \u0107e sara\u0111ivati u cilju unapre\u0111enja njihovih zajednica i dru\u0161tva u cjelini. <\/p>\n\n\n\n<p>Doga\u0111aj se odr\u017eao uz pridr\u017eavanje svih epidemiolo\u0161kih mjera i preporuka od strane Instituta za javno zdravstvo Republike Srpske.<\/p>\n\n\n\n<p>\u201cObjavljivanje ovog teksta je finansirano grantom Ministarstva vanjskih poslova Sjedinjenih Ameri\u010dkih Dr\u017eava (Department of State). Mi\u0161ljenja, nalazi i zaklju\u010dci koji su ovdje navedeni pripadaju autorima i ne odra\u017eavaju nu\u017eno mi\u0161ljenja, nalaze i zaklju\u010dke Ministarstva vanjskih poslova Sjedinjenih Ameri\u010dkih Dr\u017eava.\u201c<\/p>\n\n\n\n<p>Preuzeto sa: <a href=\"http:\/\/www.pm.rs.ba\/jos-jedna-generacija-zavrsila-akademiju-za-politicke-lidere-ke-u-bih\/\" target=\"_blank\" rel=\"noreferrer noopener\" aria-label=\"Perpetuum mobile (opens in a new tab)\">Perpetuum mobile<\/a><\/p>\n","protected":false},"excerpt":{"rendered":"<p>Polaznici jo\u0161 jedne generacija Akademije za politi\u010dke lidere\/ke, po \u010demu je poznat i prepoznat Institut Perpetuum mobile Banja Luka, u<\/p>\n","protected":false},"author":1,"featured_media":6083,"comment_status":"closed","ping_status":"open","sticky":false,"template":"","format":"standard","meta":{"om_disable_all_campaigns":false,"_monsterinsights_skip_tracking":false,"_monsterinsights_sitenote_active":false,"_monsterinsights_sitenote_note":"","_monsterinsights_sitenote_category":0,"footnotes":""},"categories":[449],"tags":[106,3192,89],"class_list":["post-6082","post","type-post","status-publish","format-standard","has-post-thumbnail","hentry","category-organizacije","tag-akademija-za-politicke-lidere-ke","tag-generacija","tag-perpetuum-mobile"],"jetpack_featured_media_url":"https:\/\/www.mladibl.com\/wp-content\/uploads\/2021\/02\/Jo\u0161-jedna-generacija-zavr\u0161ila-Akademiju-za-politi\u010dke-lidere_ke-u-BiH.jpg","amp_enabled":true,"_links":{"self":[{"href":"https:\/\/www.mladibl.com\/index.php?rest_route=\/wp\/v2\/posts\/6082","targetHints":{"allow":["GET"]}}],"collection":[{"href":"https:\/\/www.mladibl.com\/index.php?rest_route=\/wp\/v2\/posts"}],"about":[{"href":"https:\/\/www.mladibl.com\/index.php?rest_route=\/wp\/v2\/types\/post"}],"author":[{"embeddable":true,"href":"https:\/\/www.mladibl.com\/index.php?rest_route=\/wp\/v2\/users\/1"}],"replies":[{"embeddable":true,"href":"https:\/\/www.mladibl.com\/index.php?rest_route=%2Fwp%2Fv2%2Fcomments&post=6082"}],"version-history":[{"count":2,"href":"https:\/\/www.mladibl.com\/index.php?rest_route=\/wp\/v2\/posts\/6082\/revisions"}],"predecessor-version":[{"id":6088,"href":"https:\/\/www.mladibl.com\/index.php?rest_route=\/wp\/v2\/posts\/6082\/revisions\/6088"}],"wp:featuredmedia":[{"embeddable":true,"href":"https:\/\/www.mladibl.com\/index.php?rest_route=\/wp\/v2\/media\/6083"}],"wp:attachment":[{"href":"https:\/\/www.mladibl.com\/index.php?rest_route=%2Fwp%2Fv2%2Fmedia&parent=6082"}],"wp:term":[{"taxonomy":"category","embeddable":true,"href":"https:\/\/www.mladibl.com\/index.php?rest_route=%2Fwp%2Fv2%2Fcategories&post=6082"},{"taxonomy":"post_tag","embeddable":true,"href":"https:\/\/www.mladibl.com\/index.php?rest_route=%2Fwp%2Fv2%2Ftags&post=6082"}],"curies":[{"name":"wp","href":"https:\/\/api.w.org\/{rel}","templated":true}]}}