{"id":6075,"date":"2021-02-04T02:44:44","date_gmt":"2021-02-04T00:44:44","guid":{"rendered":"http:\/\/www.mladibl.com\/?p=6075"},"modified":"2021-02-04T02:44:47","modified_gmt":"2021-02-04T00:44:47","slug":"imenovana-radna-tijela-skupstine-grada","status":"publish","type":"post","link":"https:\/\/www.mladibl.com\/?p=6075","title":{"rendered":"Imenovana radna tijela Skup\u0161tine grada"},"content":{"rendered":"\n<p>Skup\u0161tina grada Banje Luke je, na dana\u0161njoj prvoj vanrednoj sjednici, imenovala radna tijela Skup\u0161tine grada, dok prijedlog gradona\u010delnika Dra\u0161ka Stanivukovi\u0107a da Milada \u0160ukalo bude zamjenik gradona\u010delnika nije pro\u0161ao Komisiju za izbor i imenovanje, nagrade i priznanja, tako da je ta ta\u010dka skinuta sa dnevnog reda dana\u0161nje sjednice.<\/p>\n\n\n\n<p>-Meni je \u017eao \u0161to danas nije razmatran prijedlog za zamjenika gradona\u010delnika, jer je rije\u010d o kvalitetnom kandidatu. \u017dao mi je \u0161to ve\u0107 na prvoj prepreci imamo politi\u010dke opstrukcije. Imam pravo na zamjenika gradona\u010delnika, jer je potrebno da vas neko mijenja, a opis poslova je ogroman tako da je zamjenik ne\u0161to \u0161to je neophodno. Da\u0107u jo\u0161 jednu \u0161ansu, ali poslije toga, ako se nastavi sa ovom praksom, moram i ja da imam odgovor \u2013 rekao je gradona\u010delnik Dra\u0161ko Stanivukovi\u0107 komentari\u0161u\u0107i izbor zamjenika gradona\u010delnika.<\/p>\n\n\n\n<p>Sa druge strane, predsjednik Skup\u0161tine grada Mladen Ili\u0107 je rekao da je Komisija za izbor i imenovanje, nagrade i priznanja tijelo kroz koje mora pro\u0107i prijedlog gradona\u010delnika i da je tu zaustavljen.<\/p>\n\n\n\n<p>-\u010clanovi vladaju\u0107e ve\u0107ine su bili uzdr\u017eani prilikom glasanja pa je prijedlog za zamjenika gradona\u010delnika skinut sa dnevnog reda. Mi smo za ime zamjenika gradona\u010delnika saznali jutros sat vremena prije sjednice i nije bilo realno da donosimo tako va\u017enu odluku za grad u tako kratkom periodu. Gradona\u010delnik ima pravo da ve\u0107 na narednoj sjednici opet kandiduje istu ta\u010dku \u2013 istakao je Ili\u0107.<\/p>\n\n\n\n<p>\u0160iroku raspravu izazvali su prijedlozi za sastave skup\u0161tinskih komisija, odbora i savjeta, ali su na kraju, gotovo jednoglasno, usvojeni prijedlozi za sva skup\u0161tinska tijela, \u0161to je bio jedan od neophodnih uslova da gradski parlament nesmetano radi i donosi odluke.<\/p>\n\n\n\n<p>-Izra\u017eavam zadovoljstvo zbog \u010dinjenice da je odbornik SNSD\u2013a Sr\u0111an Amid\u017ei\u0107 odstupio sa mjesta predsjednika Komisije za bud\u017eet i finansije, a na to mjesto \u0107e biti imenovan Dragan Milanovi\u0107 iz PDP-a. Prihva\u0107ena je logika zdravog razuma, jer je prirodno da stranka koja ima odre\u0111eni broj mandata dobije i odre\u0111eni broj skup\u0161tinskih komisija \u2013 naveo je Stanivukovi\u0107<\/p>\n\n\n\n<p>Skup\u0161tina grada je usvojila i zaklju\u010dak, na prijedlog odbornika Dragoslava Topi\u0107a iz SNSD-a, koji se ti\u010de izmjene zakona o broju slu\u017ebenika i namje\u0161tenika u jedinicama lokalne zajednice i ova inicijativa \u0107e biti upu\u0107ena prema Savezu op\u0161tina i gradova Republike Srpske.<\/p>\n\n\n\n<p>-Ja sam potpuno otvoren da sistematizacija bude prilago\u0111ena prema svim zaposlenima, da svima odgovara. Za to sam da sara\u0111ujemo, ali mislim da ovo nije rje\u0161enje. Ovaj zaklju\u010dak je put ka razvla\u0161\u0107enju gradona\u010delnika. Sada se poku\u0161ava predstaviti da sam ja zaposlio prekomjeran broj radnika, a zatekao sam 788 zaposlenih \u2013 kazao je gradona\u010delnik.<\/p>\n\n\n\n<p>Skup\u0161tina je usvojila i listu stru\u010dnjaka za imenovanje konkursnih komisija za popunu upra\u017enjenih radnih mjesta u Gradskoj upravi, a usvojen je i prijedlog rje\u0161enja o imenovanju i ovla\u0161tenju odbornika Skup\u0161tine grada za zaklju\u010divanje brakova.<\/p>\n\n\n\n<p>Skup\u0161tina grada je danas konstatovala dodjelu mandata odbornicima Draganu Milanovi\u0107u (PDP) i Darku Milo\u0161evi\u0107u (SPS).<\/p>\n\n\n\n<p>Preuzeto sa: <a href=\"https:\/\/www.banjaluka.rs.ba\/%d0%b8%d0%bc%d0%b5%d0%bd%d0%be%d0%b2%d0%b0%d0%bd%d0%b0-%d1%80%d0%b0%d0%b4%d0%bd%d0%b0-%d1%82%d0%b8%d1%98%d0%b5%d0%bb%d0%b0-%d1%81%d0%ba%d1%83%d0%bf%d1%88%d1%82%d0%b8%d0%bd%d0%b5-%d0%b3%d1%80%d0%b0\/\" target=\"_blank\" rel=\"noreferrer noopener\" aria-label=\"Grad Banja Luka (opens in a new tab)\">Grad Banja Luka<\/a><\/p>\n","protected":false},"excerpt":{"rendered":"<p>Skup\u0161tina grada Banje Luke je, na dana\u0161njoj prvoj vanrednoj sjednici, imenovala radna tijela Skup\u0161tine grada, dok prijedlog gradona\u010delnika Dra\u0161ka Stanivukovi\u0107a<\/p>\n","protected":false},"author":1,"featured_media":6076,"comment_status":"closed","ping_status":"open","sticky":false,"template":"","format":"standard","meta":{"om_disable_all_campaigns":false,"_monsterinsights_skip_tracking":false,"_monsterinsights_sitenote_active":false,"_monsterinsights_sitenote_note":"","_monsterinsights_sitenote_category":0,"footnotes":""},"categories":[2],"tags":[27,3187,3188,471],"class_list":["post-6075","post","type-post","status-publish","format-standard","has-post-thumbnail","hentry","category-vijesti","tag-grad-banja-luka","tag-imenovana","tag-radna-tijela","tag-skupstina-grada"],"jetpack_featured_media_url":"https:\/\/www.mladibl.com\/wp-content\/uploads\/2021\/02\/Imenovana-radna-tijela-Skup\u0161tine-grada.jpg","amp_enabled":true,"_links":{"self":[{"href":"https:\/\/www.mladibl.com\/index.php?rest_route=\/wp\/v2\/posts\/6075","targetHints":{"allow":["GET"]}}],"collection":[{"href":"https:\/\/www.mladibl.com\/index.php?rest_route=\/wp\/v2\/posts"}],"about":[{"href":"https:\/\/www.mladibl.com\/index.php?rest_route=\/wp\/v2\/types\/post"}],"author":[{"embeddable":true,"href":"https:\/\/www.mladibl.com\/index.php?rest_route=\/wp\/v2\/users\/1"}],"replies":[{"embeddable":true,"href":"https:\/\/www.mladibl.com\/index.php?rest_route=%2Fwp%2Fv2%2Fcomments&post=6075"}],"version-history":[{"count":1,"href":"https:\/\/www.mladibl.com\/index.php?rest_route=\/wp\/v2\/posts\/6075\/revisions"}],"predecessor-version":[{"id":6077,"href":"https:\/\/www.mladibl.com\/index.php?rest_route=\/wp\/v2\/posts\/6075\/revisions\/6077"}],"wp:featuredmedia":[{"embeddable":true,"href":"https:\/\/www.mladibl.com\/index.php?rest_route=\/wp\/v2\/media\/6076"}],"wp:attachment":[{"href":"https:\/\/www.mladibl.com\/index.php?rest_route=%2Fwp%2Fv2%2Fmedia&parent=6075"}],"wp:term":[{"taxonomy":"category","embeddable":true,"href":"https:\/\/www.mladibl.com\/index.php?rest_route=%2Fwp%2Fv2%2Fcategories&post=6075"},{"taxonomy":"post_tag","embeddable":true,"href":"https:\/\/www.mladibl.com\/index.php?rest_route=%2Fwp%2Fv2%2Ftags&post=6075"}],"curies":[{"name":"wp","href":"https:\/\/api.w.org\/{rel}","templated":true}]}}