{"id":6013,"date":"2021-02-02T10:19:56","date_gmt":"2021-02-02T08:19:56","guid":{"rendered":"http:\/\/www.mladibl.com\/?p=6013"},"modified":"2021-02-02T10:19:58","modified_gmt":"2021-02-02T08:19:58","slug":"borba-za-dah-aktivizmom-do-cistijeg-vazduha","status":"publish","type":"post","link":"https:\/\/www.mladibl.com\/?p=6013","title":{"rendered":"Borba za dah \u2013 aktivizmom do \u010distijeg vazduha"},"content":{"rendered":"\n<p>Pozivamo sve zinteresovane da nam se pridru\u017ee na onlajn radionici \u2013 ZOOMionici pod nazivom \u201eBorba za dah \u2013 aktivizmom do \u010distijeg vazduha\u201c koju vodi Majda Ibrakovi\u0107 (Centar za \u017eivotnu sredinu).<\/p>\n\n\n\n<p>Vrijeme: 02.02. i 09.02. u 19:00<\/p>\n\n\n\n<p>Cilj: upoznati polaznike sa problematikom zaga\u0111enja vazduha, osposobiti ih za prakti\u010dno i proaktivno (ekolo\u0161ko) djelovanje na lokalnom nivou uz razvoj kriti\u010dke misli, stavova i svijesti na individualnom i kolektivnom nivou o potrebi odr\u017eivog odnosa dru\u0161tva i \u017eivotne sredine<\/p>\n\n\n\n<p>I radionica: Prezentacija teme\/problematike + diskusija<\/p>\n\n\n\n<p>Predstavlja se problematika zaga\u0111enja vazduha i zna\u010daj o\u010duvanja \u010distog vazduha. Ovo je globalni problem koji najvi\u0161e uti\u010de lokalno. Obradit \u0107e se osnovni pojmovi i definicije kada s u pitanju kvalitet vazduha i zaga\u0111enje vazduha, osnovni izvori zaga\u0111enja vazduha, kao i mogu\u0107e mjere i rje\u0161enja. Koje su to posljedice zaga\u0111enog vazduha, za\u0161to se naziva \u2018tihim ubicom\u2019 te na koji na\u010din se mi kao gra\u0111ani i gra\u0111anke mo\u017eemo za\u0161tititi od zaga\u0111enog vazduha?  Koja je uloga lokalne zajednice i drugih nivoa vlasti u rje\u0161avanju problema zaga\u0111enja vazduha? Diskusija o problemima u vlastitim sredinama, najve\u0107im izvorima i rje\u0161enjima koja su nama dostupna i logi\u010dna za na\u0161e zajednice.<\/p>\n\n\n\n<p>II radionica: Studije slu\u010daja na temu zaga\u0111enja vazduha i prakti\u010dni rad<\/p>\n\n\n\n<p>Prezentacija i diskusija, aktivisti\u010dke akcije i pokreti u svijetu, zadatak za razmi\u0161ljanje \u2013 problem solving u timu, kviz<\/p>\n\n\n\n<p>Trajanje radionice: 2 radionice po 2h<\/p>\n\n\n\n<p>Prijaviti se mo\u017eete na mejl <strong><a href=\"mailto:oc@zdravodaste.org\" target=\"_blank\" rel=\"noreferrer noopener\" aria-label=\"oc@zdravodaste.org (opens in a new tab)\">oc@zdravodaste.org<\/a><\/strong>. Potrebno je da u mejlu navedete ime i prezime i godi\u0161te.<\/p>\n\n\n\n<p>Ovaj projekat je implementiran zahvaljuju\u0107i podr\u0161ci programa Bosnia and Herzegovina Resilience Initiative (BHRI), koji sprovodi Me\u0111unarodna organizacija za migracije (IOM), uz finansijsku podr\u0161ku Ameri\u010dke agencije za me\u0111unarodn irazvoj (USAID).<\/p>\n\n\n\n<figure class=\"wp-block-image\"><img loading=\"lazy\" decoding=\"async\" width=\"800\" height=\"800\" src=\"http:\/\/www.mladibl.com\/wp-content\/uploads\/2021\/02\/Borba-za-dah-\u2013-aktivizmom-do-\u010distijeg-vazduha.jpg\" alt=\"\" class=\"wp-image-6014\" srcset=\"https:\/\/www.mladibl.com\/wp-content\/uploads\/2021\/02\/Borba-za-dah-\u2013-aktivizmom-do-\u010distijeg-vazduha.jpg 800w, https:\/\/www.mladibl.com\/wp-content\/uploads\/2021\/02\/Borba-za-dah-\u2013-aktivizmom-do-\u010distijeg-vazduha-150x150.jpg 150w, https:\/\/www.mladibl.com\/wp-content\/uploads\/2021\/02\/Borba-za-dah-\u2013-aktivizmom-do-\u010distijeg-vazduha-300x300.jpg 300w, https:\/\/www.mladibl.com\/wp-content\/uploads\/2021\/02\/Borba-za-dah-\u2013-aktivizmom-do-\u010distijeg-vazduha-768x768.jpg 768w\" sizes=\"auto, (max-width: 800px) 100vw, 800px\" \/><\/figure>\n\n\n\n<p>Preuzeto sa: <a href=\"https:\/\/zdravodaste.org\/borba-za-dah-aktivizmom-do-cistijeg-vazduha\/\" target=\"_blank\" rel=\"noreferrer noopener\" aria-label=\"Zdravo da ste OC (opens in a new tab)\">Zdravo da ste OC<\/a><\/p>\n","protected":false},"excerpt":{"rendered":"<p>Pozivamo sve zinteresovane da nam se pridru\u017ee na onlajn radionici \u2013 ZOOMionici pod nazivom \u201eBorba za dah \u2013 aktivizmom do<\/p>\n","protected":false},"author":1,"featured_media":6014,"comment_status":"closed","ping_status":"open","sticky":false,"template":"","format":"standard","meta":{"om_disable_all_campaigns":false,"_monsterinsights_skip_tracking":false,"_monsterinsights_sitenote_active":false,"_monsterinsights_sitenote_note":"","_monsterinsights_sitenote_category":0,"footnotes":""},"categories":[449],"tags":[2150,3152,3153,3154,424,23,69,868],"class_list":["post-6013","post","type-post","status-publish","format-standard","has-post-thumbnail","hentry","category-organizacije","tag-aktivizam","tag-borba-za-dah","tag-cistiji-vazduh","tag-majda-ibrakovic","tag-online","tag-radionica","tag-zdravo-da-ste","tag-zoomionica"],"jetpack_featured_media_url":"https:\/\/www.mladibl.com\/wp-content\/uploads\/2021\/02\/Borba-za-dah-\u2013-aktivizmom-do-\u010distijeg-vazduha.jpg","amp_enabled":true,"_links":{"self":[{"href":"https:\/\/www.mladibl.com\/index.php?rest_route=\/wp\/v2\/posts\/6013","targetHints":{"allow":["GET"]}}],"collection":[{"href":"https:\/\/www.mladibl.com\/index.php?rest_route=\/wp\/v2\/posts"}],"about":[{"href":"https:\/\/www.mladibl.com\/index.php?rest_route=\/wp\/v2\/types\/post"}],"author":[{"embeddable":true,"href":"https:\/\/www.mladibl.com\/index.php?rest_route=\/wp\/v2\/users\/1"}],"replies":[{"embeddable":true,"href":"https:\/\/www.mladibl.com\/index.php?rest_route=%2Fwp%2Fv2%2Fcomments&post=6013"}],"version-history":[{"count":1,"href":"https:\/\/www.mladibl.com\/index.php?rest_route=\/wp\/v2\/posts\/6013\/revisions"}],"predecessor-version":[{"id":6015,"href":"https:\/\/www.mladibl.com\/index.php?rest_route=\/wp\/v2\/posts\/6013\/revisions\/6015"}],"wp:featuredmedia":[{"embeddable":true,"href":"https:\/\/www.mladibl.com\/index.php?rest_route=\/wp\/v2\/media\/6014"}],"wp:attachment":[{"href":"https:\/\/www.mladibl.com\/index.php?rest_route=%2Fwp%2Fv2%2Fmedia&parent=6013"}],"wp:term":[{"taxonomy":"category","embeddable":true,"href":"https:\/\/www.mladibl.com\/index.php?rest_route=%2Fwp%2Fv2%2Fcategories&post=6013"},{"taxonomy":"post_tag","embeddable":true,"href":"https:\/\/www.mladibl.com\/index.php?rest_route=%2Fwp%2Fv2%2Ftags&post=6013"}],"curies":[{"name":"wp","href":"https:\/\/api.w.org\/{rel}","templated":true}]}}