{"id":5964,"date":"2021-01-30T16:50:35","date_gmt":"2021-01-30T14:50:35","guid":{"rendered":"http:\/\/www.mladibl.com\/?p=5964"},"modified":"2021-01-30T16:50:37","modified_gmt":"2021-01-30T14:50:37","slug":"sta-ima-u-dragocaju","status":"publish","type":"post","link":"https:\/\/www.mladibl.com\/?p=5964","title":{"rendered":"\u0160ta ima u Drago\u010daju?"},"content":{"rendered":"\n<p>Hvala \u0161to pitate, ima sva\u0161ta zanimljivo. Pripremamo se za realizaciju nekih novih aktivnosti u Zdravo da ste \u2013 Resursnom centru za djecu i mlade u Drago\u010daju.<\/p>\n\n\n\n<p>O \u010demu se radi?<\/p>\n\n\n\n<p>Najprije \u0107emo organizovati osam edukacija za 8 mladih aktivista iz Drago\u010daja na teme:<\/p>\n\n\n\n<ul class=\"wp-block-list\"><li>Omladinski rad,<\/li><li>Standardi i politike omladinskog rada,<\/li><li>Aktivno u\u010de\u0161\u0107e mladih i omladinski aktivizam,<\/li><li>Metodi i principi omladinskog liderstva,<\/li><li>Zagovaranje,<\/li><li>Upravljanje projektima,<\/li><li>Organizacijske vje\u0161tine,<\/li><li>Socijalne kompetencije omladinskih lidera.<\/li><\/ul>\n\n\n\n<p>Onda \u0107emo da putujemo. Grupa mladih \u0107e obaviti studijske posjete omladinskim centrima u \u010celincu, Prnjavoru, Gradi\u0161ci, Travniku, i Zenici kako bi se informisali o radu drugih organizacija i imali priliku vidjeti dobre primjere iz prakse, a po zavr\u0161etku svih edukacija i studijskih posjeta oni \u0107e uz mentorsku podr\u0161ku realizovati i dvije inicijative u zajednici.<\/p>\n\n\n\n<p>I \u0161ta jo\u0161?<\/p>\n\n\n\n<p>Jednom sedmi\u010dno \u0107emo organizovati onlajn radionice \u2013 ZOOMionice (po metodologiji Udru\u017eenja \u201eMost\u201c, Gradi\u0161ka) na teme emocionalne pismenosti, ba\u0161tovanstva, \u017eivotne sredine, te grafi\u010dki dizajn\/ilustrativna tipografija.<\/p>\n\n\n\n<p>Jednom sedmi\u010dno \u0107emo organizovati i Drago\u010dajanke na kojima \u0107emo pri\u010dati o razli\u010ditim temama  koje su bitne mladima i \u0161iroj zajednici i dru\u017eiti se uz \u010daj. Drago\u010dajanke \u0107e se odr\u017eavati u\u017eivo u Zdravo da ste \u2013 Resursnom centru za djecu i mlade.<\/p>\n\n\n\n<p>Djeca i mladi u zajednici \u0107e imati priliku ponovo da tra\u017ee pomo\u0107 u u\u010denju od starijih srednjo\u0161kolaca, studenata ili drugih profesionalaca i tako uspje\u0161nije privedu kraju ovu \u0161kolsku godinu.<\/p>\n\n\n\n<p>Zato\u2026<\/p>\n\n\n\n<p>Pridru\u017eite nam se! Mi se jako radujemo ovom dru\u017eenju koje predstoji i nadamo se da \u0107e veliki broj vas prona\u0107i ne\u0161to \u0161to ga zanima. Pratite nas na na\u0161im mre\u017eama za vi\u0161e informacija. Zdravo da ste!<\/p>\n\n\n\n<p>Ovaj projekat je implementiran zahvaljuju\u0107i podr\u0161ci programa Bosnia and Herzegovina Resilience Initiative (BHRI), koji sprovodi Me\u0111unarodna organizacija za migracije (IOM), uz finansijsku podr\u0161ku Ameri\u010dke agencije za me\u0111unarodn irazvoj (USAID).<\/p>\n\n\n\n<figure class=\"wp-block-image\"><img loading=\"lazy\" decoding=\"async\" width=\"800\" height=\"800\" src=\"http:\/\/www.mladibl.com\/wp-content\/uploads\/2021\/01\/\u0160ta-ima-u-Drago\u010daju_.jpg\" alt=\"\" class=\"wp-image-5966\" srcset=\"https:\/\/www.mladibl.com\/wp-content\/uploads\/2021\/01\/\u0160ta-ima-u-Drago\u010daju_.jpg 800w, https:\/\/www.mladibl.com\/wp-content\/uploads\/2021\/01\/\u0160ta-ima-u-Drago\u010daju_-150x150.jpg 150w, https:\/\/www.mladibl.com\/wp-content\/uploads\/2021\/01\/\u0160ta-ima-u-Drago\u010daju_-300x300.jpg 300w, https:\/\/www.mladibl.com\/wp-content\/uploads\/2021\/01\/\u0160ta-ima-u-Drago\u010daju_-768x768.jpg 768w\" sizes=\"auto, (max-width: 800px) 100vw, 800px\" \/><\/figure>\n\n\n\n<p>Preuzeto sa: <a href=\"https:\/\/zdravodaste.org\/sta-ima-u-dragocaju\/\" target=\"_blank\" rel=\"noreferrer noopener\" aria-label=\"Zdravo da ste (opens in a new tab)\">Zdravo da ste<\/a><\/p>\n","protected":false},"excerpt":{"rendered":"<p>Hvala \u0161to pitate, ima sva\u0161ta zanimljivo. Pripremamo se za realizaciju nekih novih aktivnosti u Zdravo da ste \u2013 Resursnom centru<\/p>\n","protected":false},"author":1,"featured_media":5965,"comment_status":"closed","ping_status":"open","sticky":false,"template":"","format":"standard","meta":{"om_disable_all_campaigns":false,"_monsterinsights_skip_tracking":false,"_monsterinsights_sitenote_active":false,"_monsterinsights_sitenote_note":"","_monsterinsights_sitenote_category":0,"footnotes":""},"categories":[449],"tags":[53,927,3122,33,1421,69],"class_list":["post-5964","post","type-post","status-publish","format-standard","has-post-thumbnail","hentry","category-organizacije","tag-banja-luka","tag-dragocaj","tag-edukacije","tag-mladi","tag-omladinski-centar","tag-zdravo-da-ste"],"jetpack_featured_media_url":"https:\/\/www.mladibl.com\/wp-content\/uploads\/2021\/01\/\u0160ta-ima-u-Drago\u010daju_-2.jpg","amp_enabled":true,"_links":{"self":[{"href":"https:\/\/www.mladibl.com\/index.php?rest_route=\/wp\/v2\/posts\/5964","targetHints":{"allow":["GET"]}}],"collection":[{"href":"https:\/\/www.mladibl.com\/index.php?rest_route=\/wp\/v2\/posts"}],"about":[{"href":"https:\/\/www.mladibl.com\/index.php?rest_route=\/wp\/v2\/types\/post"}],"author":[{"embeddable":true,"href":"https:\/\/www.mladibl.com\/index.php?rest_route=\/wp\/v2\/users\/1"}],"replies":[{"embeddable":true,"href":"https:\/\/www.mladibl.com\/index.php?rest_route=%2Fwp%2Fv2%2Fcomments&post=5964"}],"version-history":[{"count":1,"href":"https:\/\/www.mladibl.com\/index.php?rest_route=\/wp\/v2\/posts\/5964\/revisions"}],"predecessor-version":[{"id":5967,"href":"https:\/\/www.mladibl.com\/index.php?rest_route=\/wp\/v2\/posts\/5964\/revisions\/5967"}],"wp:featuredmedia":[{"embeddable":true,"href":"https:\/\/www.mladibl.com\/index.php?rest_route=\/wp\/v2\/media\/5965"}],"wp:attachment":[{"href":"https:\/\/www.mladibl.com\/index.php?rest_route=%2Fwp%2Fv2%2Fmedia&parent=5964"}],"wp:term":[{"taxonomy":"category","embeddable":true,"href":"https:\/\/www.mladibl.com\/index.php?rest_route=%2Fwp%2Fv2%2Fcategories&post=5964"},{"taxonomy":"post_tag","embeddable":true,"href":"https:\/\/www.mladibl.com\/index.php?rest_route=%2Fwp%2Fv2%2Ftags&post=5964"}],"curies":[{"name":"wp","href":"https:\/\/api.w.org\/{rel}","templated":true}]}}