{"id":5957,"date":"2021-01-30T02:23:27","date_gmt":"2021-01-30T00:23:27","guid":{"rendered":"http:\/\/www.mladibl.com\/?p=5957"},"modified":"2021-01-30T02:23:29","modified_gmt":"2021-01-30T00:23:29","slug":"gradonacelnik-urucio-prva-rjesenja-za-stipendije-mladi-ce-se-vracati-u-ovaj-grad","status":"publish","type":"post","link":"https:\/\/www.mladibl.com\/?p=5957","title":{"rendered":"Gradona\u010delnik uru\u010dio prva rje\u0161enja za stipendije: Mladi \u0107e se vra\u0107ati u ovaj grad"},"content":{"rendered":"\n<p>Gradona\u010delnik Dra\u0161ko Stanivukovi\u0107, uru\u010dio je danas prva rje\u0161enja o stipendiranju studentima prvog ciklusa na visoko\u0161kolskim ustanovama, koji su ostvarili pravo na stipendiju iz gradskog bud\u017eeta.<\/p>\n\n\n\n<p>U teku\u0107oj akademskoj godini, Grad \u0107e stipendirati 392 studenta, i to njih 100 na osnovu uspjeha, 246 na osnovu socijalnog statusa, dok je 46 studenata dobilo stipendiju za deficitarna zanimanja.<\/p>\n\n\n\n<p>Prema rije\u010dima gradona\u010delnika Stanivukovi\u0107a, ovo je nastavak dobre prakse kroz koju Grad podsti\u010de najbolje u\u010denike i studente.<\/p>\n\n\n\n<p>-Sistem koji ne ula\u017ee u obrazovanje osu\u0111en je na propast. Ho\u0107emo da se na\u0161 grad razvija i da napreduje i vrata Gradske uprave su ovim mladim ljudima su\u0161tinski otvorena \u2013 istakao je Stanivukovi\u0107 i dodao da \u0107e Grad prona\u0107i modalitet da pove\u0107a broj i iznos stipendija.<\/p>\n\n\n\n<p>Najavljeno je da \u0107e Grad podsticati i odlaske na takmi\u010denja, usavr\u0161avanja, ali i one koji \u017eele da se \u0161koluju u inostranstvu, te je izrazio nadu da znanje koje steknu, vrate u na\u0161 grad.<\/p>\n\n\n\n<p>-Banja Luka \u0107e biti grad u kome \u0107e mladi ljudi ne samo ostajati, ve\u0107 \u0107e biti grad u koji \u0107e se vra\u0107ati oni koji su oti\u0161li \u2013 naglasio je gradona\u010delnik.<\/p>\n\n\n\n<p>Gradona\u010delnik se ovom prilikom na\u0161alio da je danas bila sjajna prilika da sa studentima razgovara o studentskim temama, jer je kako ka\u017ee i sam jo\u0161 uvijek student.<\/p>\n\n\n\n<p>\u2013 Grad je krenuo u proces provjere sumnjivih diploma i planiramo da nadle\u017enim institucijama po\u0161aljemo diplome za koje smatramo da su ste\u010dene na druga\u010diji na\u010din. To je vrlo va\u017eno, jer tako \u0161aljemo poruku ovim mladim ljudima, koji se bore za svoje znanje i za to da budu cijenjeni u svom gradu.-rekao je Stanivukovi\u0107 i dodao da se la\u017enim znanjima treba stati u kraj, a da treba vrednovati one koji su najbolji me\u0111u nama.<\/p>\n\n\n\n<p>Zahvaljuju\u0107i se gradona\u010delniku na uru\u010denim stipendijama u ime studenata, Jelena Grahovac sa Filolo\u0161kog fakulteta istakla je kako ove stipendije mnogo zna\u010de za sve studente i za njihov d\u017eeparac.<\/p>\n\n\n\n<p>Preuzeto sa: <a href=\"https:\/\/www.banjaluka.rs.ba\/stipendije-za-392-studenta\/\" target=\"_blank\" rel=\"noreferrer noopener\" aria-label=\"Grad Banja Luka (opens in a new tab)\">Grad Banja Luka<\/a><\/p>\n","protected":false},"excerpt":{"rendered":"<p>Gradona\u010delnik Dra\u0161ko Stanivukovi\u0107, uru\u010dio je danas prva rje\u0161enja o stipendiranju studentima prvog ciklusa na visoko\u0161kolskim ustanovama, koji su ostvarili pravo<\/p>\n","protected":false},"author":1,"featured_media":5958,"comment_status":"closed","ping_status":"open","sticky":false,"template":"","format":"standard","meta":{"om_disable_all_campaigns":false,"_monsterinsights_skip_tracking":false,"_monsterinsights_sitenote_active":false,"_monsterinsights_sitenote_note":"","_monsterinsights_sitenote_category":0,"footnotes":""},"categories":[2],"tags":[53,1146,1409,60,906],"class_list":["post-5957","post","type-post","status-publish","format-standard","has-post-thumbnail","hentry","category-vijesti","tag-banja-luka","tag-gradonacelnik","tag-prvi-ciklus","tag-stipendije","tag-stipendiranje"],"jetpack_featured_media_url":"https:\/\/www.mladibl.com\/wp-content\/uploads\/2021\/01\/Gradona\u010delnik-uru\u010dio-prva-rje\u0161enja-za-stipendije_-Mladi-\u0107e-se-vra\u0107ati-u-ovaj-grad.jpg","amp_enabled":true,"_links":{"self":[{"href":"https:\/\/www.mladibl.com\/index.php?rest_route=\/wp\/v2\/posts\/5957","targetHints":{"allow":["GET"]}}],"collection":[{"href":"https:\/\/www.mladibl.com\/index.php?rest_route=\/wp\/v2\/posts"}],"about":[{"href":"https:\/\/www.mladibl.com\/index.php?rest_route=\/wp\/v2\/types\/post"}],"author":[{"embeddable":true,"href":"https:\/\/www.mladibl.com\/index.php?rest_route=\/wp\/v2\/users\/1"}],"replies":[{"embeddable":true,"href":"https:\/\/www.mladibl.com\/index.php?rest_route=%2Fwp%2Fv2%2Fcomments&post=5957"}],"version-history":[{"count":1,"href":"https:\/\/www.mladibl.com\/index.php?rest_route=\/wp\/v2\/posts\/5957\/revisions"}],"predecessor-version":[{"id":5959,"href":"https:\/\/www.mladibl.com\/index.php?rest_route=\/wp\/v2\/posts\/5957\/revisions\/5959"}],"wp:featuredmedia":[{"embeddable":true,"href":"https:\/\/www.mladibl.com\/index.php?rest_route=\/wp\/v2\/media\/5958"}],"wp:attachment":[{"href":"https:\/\/www.mladibl.com\/index.php?rest_route=%2Fwp%2Fv2%2Fmedia&parent=5957"}],"wp:term":[{"taxonomy":"category","embeddable":true,"href":"https:\/\/www.mladibl.com\/index.php?rest_route=%2Fwp%2Fv2%2Fcategories&post=5957"},{"taxonomy":"post_tag","embeddable":true,"href":"https:\/\/www.mladibl.com\/index.php?rest_route=%2Fwp%2Fv2%2Ftags&post=5957"}],"curies":[{"name":"wp","href":"https:\/\/api.w.org\/{rel}","templated":true}]}}