{"id":5836,"date":"2021-01-26T12:05:19","date_gmt":"2021-01-26T10:05:19","guid":{"rendered":"http:\/\/www.mladibl.com\/?p=5836"},"modified":"2021-01-26T12:05:21","modified_gmt":"2021-01-26T10:05:21","slug":"poziv-za-ucesce-u-fokus-grupama","status":"publish","type":"post","link":"https:\/\/www.mladibl.com\/?p=5836","title":{"rendered":"Poziv za u\u010de\u0161\u0107e u fokus grupama"},"content":{"rendered":"\n<p>U sklopu na\u0161eg istra\u017eivanja o pravima mladih u oblasti obrazovanja, zapo\u0161ljavanja i stanovanja, organizujemo fokus grupe.<\/p>\n\n\n\n<p>Ukoliko \u017eeli\u0161 da sa mladima iz regiona podeli\u0161 svoje mi\u0161ljenje i iskustva, mo\u017ee\u0161 se pridru\u017eiti jednoj od na\u0161e tri fokus grupe.<\/p>\n\n\n\n<p>Na linku u opisu profil mo\u017ee\u0161 prona\u0107i prijavne formulare za svaku od grupa:<\/p>\n\n\n\n<ul class=\"wp-block-list\"><li>Fokus grupa za mlade 15-18 godina, subota 10.00-11.30<\/li><li>Fokus grupa za mlade 19-24 godina, subota 12.00-13.30<\/li><li>Fokus grupa za mlade 25-30 godina, subota 14.00-15.30<\/li><\/ul>\n\n\n\n<p>Ovo istraz\u030civanje realizuje se u okviru programa \u201eYouth Rights Defenders\u201d koji sprovodi Beogradski centar za ljudska prava|BCHR, u saradnji sa Nvo Juventas iz Podgorice i Helsin\u0161ki odbor za ljudska prava \/ Helsinki Committee for human rights iz Bijeljine, u okviru programa Dijalog za Budu\u0107nost.<\/p>\n\n\n\n<figure class=\"wp-block-image\"><img loading=\"lazy\" decoding=\"async\" width=\"800\" height=\"800\" src=\"http:\/\/www.mladibl.com\/wp-content\/uploads\/2021\/01\/Poziv-za-u\u010de\u0161\u0107e-u-fokus-grupama.jpg\" alt=\"\" class=\"wp-image-5837\" srcset=\"https:\/\/www.mladibl.com\/wp-content\/uploads\/2021\/01\/Poziv-za-u\u010de\u0161\u0107e-u-fokus-grupama.jpg 800w, https:\/\/www.mladibl.com\/wp-content\/uploads\/2021\/01\/Poziv-za-u\u010de\u0161\u0107e-u-fokus-grupama-150x150.jpg 150w, https:\/\/www.mladibl.com\/wp-content\/uploads\/2021\/01\/Poziv-za-u\u010de\u0161\u0107e-u-fokus-grupama-300x300.jpg 300w, https:\/\/www.mladibl.com\/wp-content\/uploads\/2021\/01\/Poziv-za-u\u010de\u0161\u0107e-u-fokus-grupama-768x768.jpg 768w\" sizes=\"auto, (max-width: 800px) 100vw, 800px\" \/><\/figure>\n\n\n\n<p>Preuzeto sa: <a href=\"https:\/\/www.instagram.com\/p\/CKee834pdTm\/\" target=\"_blank\" rel=\"noreferrer noopener\" aria-label=\"Instagram mladibgcentar (opens in a new tab)\">Instagram mladibgcentar<\/a><\/p>\n","protected":false},"excerpt":{"rendered":"<p>U sklopu na\u0161eg istra\u017eivanja o pravima mladih u oblasti obrazovanja, zapo\u0161ljavanja i stanovanja, organizujemo fokus grupe. Ukoliko \u017eeli\u0161 da sa<\/p>\n","protected":false},"author":1,"featured_media":5837,"comment_status":"closed","ping_status":"open","sticky":false,"template":"","format":"standard","meta":{"om_disable_all_campaigns":false,"_monsterinsights_skip_tracking":false,"_monsterinsights_sitenote_active":false,"_monsterinsights_sitenote_note":"","_monsterinsights_sitenote_category":0,"footnotes":""},"categories":[370],"tags":[3063,355,1788,1278],"class_list":["post-5836","post","type-post","status-publish","format-standard","has-post-thumbnail","hentry","category-ostalo","tag-fokus-grupe","tag-poziv","tag-ucesce","tag-youth-rights-defenders"],"jetpack_featured_media_url":"https:\/\/www.mladibl.com\/wp-content\/uploads\/2021\/01\/Poziv-za-u\u010de\u0161\u0107e-u-fokus-grupama.jpg","amp_enabled":true,"_links":{"self":[{"href":"https:\/\/www.mladibl.com\/index.php?rest_route=\/wp\/v2\/posts\/5836","targetHints":{"allow":["GET"]}}],"collection":[{"href":"https:\/\/www.mladibl.com\/index.php?rest_route=\/wp\/v2\/posts"}],"about":[{"href":"https:\/\/www.mladibl.com\/index.php?rest_route=\/wp\/v2\/types\/post"}],"author":[{"embeddable":true,"href":"https:\/\/www.mladibl.com\/index.php?rest_route=\/wp\/v2\/users\/1"}],"replies":[{"embeddable":true,"href":"https:\/\/www.mladibl.com\/index.php?rest_route=%2Fwp%2Fv2%2Fcomments&post=5836"}],"version-history":[{"count":1,"href":"https:\/\/www.mladibl.com\/index.php?rest_route=\/wp\/v2\/posts\/5836\/revisions"}],"predecessor-version":[{"id":5838,"href":"https:\/\/www.mladibl.com\/index.php?rest_route=\/wp\/v2\/posts\/5836\/revisions\/5838"}],"wp:featuredmedia":[{"embeddable":true,"href":"https:\/\/www.mladibl.com\/index.php?rest_route=\/wp\/v2\/media\/5837"}],"wp:attachment":[{"href":"https:\/\/www.mladibl.com\/index.php?rest_route=%2Fwp%2Fv2%2Fmedia&parent=5836"}],"wp:term":[{"taxonomy":"category","embeddable":true,"href":"https:\/\/www.mladibl.com\/index.php?rest_route=%2Fwp%2Fv2%2Fcategories&post=5836"},{"taxonomy":"post_tag","embeddable":true,"href":"https:\/\/www.mladibl.com\/index.php?rest_route=%2Fwp%2Fv2%2Ftags&post=5836"}],"curies":[{"name":"wp","href":"https:\/\/api.w.org\/{rel}","templated":true}]}}