{"id":5780,"date":"2021-01-23T02:55:49","date_gmt":"2021-01-23T00:55:49","guid":{"rendered":"http:\/\/www.mladibl.com\/?p=5780"},"modified":"2021-01-23T02:55:51","modified_gmt":"2021-01-23T00:55:51","slug":"ministry-for-europe-and-foreign-affairs-poziv-za-omladinske-projekte","status":"publish","type":"post","link":"https:\/\/www.mladibl.com\/?p=5780","title":{"rendered":"Ministry for Europe and Foreign Affairs: Poziv za omladinske projekte"},"content":{"rendered":"\n<p>Komponenta \u201eMladi i volontiranje\u201c ima za cilj razvoj gra\u0111anskog i solidarnog anga\u017emana mladih na teritorijama, s jedne strane podsticanjem njihove mobilnosti u okviru volontiranja, a s druge strane podr\u017eavanjem stranih partnera u razvoju javne politike namenjene boljem uklju\u010divanju mladih u lokalni demokratski \u017eivot, ali i boljem informisanju o temama koje ih se ti\u010du.<\/p>\n\n\n\n<p>Sve dr\u017eave i teritorije Zapadnog Balkana ispunjavaju uslove za ovaj poziv.<\/p>\n\n\n\n<p>Poziv za omladinske projekte otvoren je do 10. marta 2021. godine.<\/p>\n\n\n\n<p>Vi\u0161e informacija na linku <strong><a href=\"http:\/\/bit.ly\/2Y5r5qa\" target=\"_blank\" rel=\"noreferrer noopener\" aria-label=\"bit.ly\/2Y5r5qa (opens in a new tab)\">bit.ly\/2Y5r5qa<\/a><\/strong><\/p>\n\n\n\n<p>Preuzeto sa: <a href=\"https:\/\/www.mreza-mira.net\/vijesti\/pozivi-za-projekte\/ministry-for-europe-and-foreign-affairs-poziv-za-omladinske-projekte\/\" target=\"_blank\" rel=\"noreferrer noopener\" aria-label=\"mreza-mira.net (opens in a new tab)\">mreza-mira.net<\/a><\/p>\n","protected":false},"excerpt":{"rendered":"<p>Komponenta \u201eMladi i volontiranje\u201c ima za cilj razvoj gra\u0111anskog i solidarnog anga\u017emana mladih na teritorijama, s jedne strane podsticanjem njihove<\/p>\n","protected":false},"author":1,"featured_media":5781,"comment_status":"closed","ping_status":"open","sticky":false,"template":"","format":"standard","meta":{"om_disable_all_campaigns":false,"_monsterinsights_skip_tracking":false,"_monsterinsights_sitenote_active":false,"_monsterinsights_sitenote_note":"","_monsterinsights_sitenote_category":0,"footnotes":""},"categories":[7],"tags":[33,2417,355,38,108,159],"class_list":["post-5780","post","type-post","status-publish","format-standard","has-post-thumbnail","hentry","category-grantovi","tag-mladi","tag-omladinski","tag-poziv","tag-projekti","tag-volontiranje","tag-zapadni-balkan"],"jetpack_featured_media_url":"https:\/\/www.mladibl.com\/wp-content\/uploads\/2021\/01\/Ministry-for-Europe-and-Foreign-Affairs_-Poziv-za-omladinske-projekte.jpg","amp_enabled":true,"_links":{"self":[{"href":"https:\/\/www.mladibl.com\/index.php?rest_route=\/wp\/v2\/posts\/5780","targetHints":{"allow":["GET"]}}],"collection":[{"href":"https:\/\/www.mladibl.com\/index.php?rest_route=\/wp\/v2\/posts"}],"about":[{"href":"https:\/\/www.mladibl.com\/index.php?rest_route=\/wp\/v2\/types\/post"}],"author":[{"embeddable":true,"href":"https:\/\/www.mladibl.com\/index.php?rest_route=\/wp\/v2\/users\/1"}],"replies":[{"embeddable":true,"href":"https:\/\/www.mladibl.com\/index.php?rest_route=%2Fwp%2Fv2%2Fcomments&post=5780"}],"version-history":[{"count":1,"href":"https:\/\/www.mladibl.com\/index.php?rest_route=\/wp\/v2\/posts\/5780\/revisions"}],"predecessor-version":[{"id":5782,"href":"https:\/\/www.mladibl.com\/index.php?rest_route=\/wp\/v2\/posts\/5780\/revisions\/5782"}],"wp:featuredmedia":[{"embeddable":true,"href":"https:\/\/www.mladibl.com\/index.php?rest_route=\/wp\/v2\/media\/5781"}],"wp:attachment":[{"href":"https:\/\/www.mladibl.com\/index.php?rest_route=%2Fwp%2Fv2%2Fmedia&parent=5780"}],"wp:term":[{"taxonomy":"category","embeddable":true,"href":"https:\/\/www.mladibl.com\/index.php?rest_route=%2Fwp%2Fv2%2Fcategories&post=5780"},{"taxonomy":"post_tag","embeddable":true,"href":"https:\/\/www.mladibl.com\/index.php?rest_route=%2Fwp%2Fv2%2Ftags&post=5780"}],"curies":[{"name":"wp","href":"https:\/\/api.w.org\/{rel}","templated":true}]}}