{"id":5707,"date":"2021-01-21T10:31:43","date_gmt":"2021-01-21T08:31:43","guid":{"rendered":"http:\/\/www.mladibl.com\/?p=5707"},"modified":"2021-01-21T10:31:45","modified_gmt":"2021-01-21T08:31:45","slug":"razgovaraonica-drustvene-posljedice-i-neizvjesnost-sa-covid-19","status":"publish","type":"post","link":"https:\/\/www.mladibl.com\/?p=5707","title":{"rendered":"Razgovaraonica: Dru\u0161tvene posljedice i neizvjesnost sa COVID -19"},"content":{"rendered":"\n<p>Skoro godinu dana na\u0161ih \u017eivota prilagodili smo novim uslovima uzrokovanim pojavom virusa korona, \u0161to je na na\u0161e dru\u0161tvo ostavilo vidljive posljedice. Tim povodom, u RAZGOVARAONICI koju organizuje Centar za razvoj &#8220;Alfa&#8221;, \u017eelimo pru\u017eiti podr\u0161ku na\u0161im sugra\u0111anima i obraditi oblasti koje su drasti\u010dno uticale na na\u0161 svakodnevni \u017eivot. Ovo je prilika da podijelimo svoja iskustva, mi\u0161ljenja, strahove i borbe koje smo pro\u0161li ( i jo\u0161 uvijek prolazimo) u vanrednim okolnostima. <\/p>\n\n\n\n<p>Mi\u0161ljenje i stavovi na\u0161ih sugra\u0111ana, nama kao ljudima pa i stru\u010dnim licima, od izuzetne je va\u017enosti. \u017delimo znati kako se nosite sa borbom protiv ovog virisa, kako se snalazite i \u0161ta vam predstavlja najve\u0107u prepreku. Kako ( i da li) ostajete zdravi psihi\u010dki i fizi\u010dki, da li ste pobijedili strah ili jo\u0161 uvijek osje\u0107ate da vlada vama. \u017delimo znati kakva su va\u0161a iskustva sa zdravstvenim sistemom ( bilo da ste prebolovali virus ili ne), \u0161ta vam je predstavljalo najve\u0107i problem, gdje je dolazilo do ko\u010denja i \u0161ta biste vi uradili druga\u010dije u organizacionom sistemu da imate priliku. <\/p>\n\n\n\n<p>U intimnoj atmosferi prilago\u0111enoj uslovima koji vladaju zbog pandemije virusa korona \u017eelimo razgovarati sa vama, \u017eelimo vas saslu\u0161ati i biti va\u0161 glasnogovornik u borbi za bolju stvarnost u na\u0161oj zajednici. U zavisnosti od odaziva i zainteresovanosti formira\u0107emo grupe od po desetoro ljudi kako bi dijalog bio \u0161to kvalitetniji. <\/p>\n\n\n\n<p>Odlu\u010dili smo se za fizi\u010dki susret sa vama jer je on prirodan (i po\u017eeljan) za na\u0161e bivstvo, jer ne smijemo zaboraviti \u0161ta zna\u010di prisustvo i podr\u0161ka ljudskog bi\u0107a i jer nijedan ure\u0111aj na svijetu ne mo\u017ee da prenese, pa ni podstakne, energiju koja se stvara prilikom susreta sa ljudima. <\/p>\n\n\n\n<p>U toku na\u0161eg dru\u017eenja poku\u0161a\u0107emo skupa dati odgovore na neka va\u017ena pitanja kada govorimo o dru\u0161tvenom djelovanju, ta\u010dnije skupa \u0107emo otkriti koja su dru\u0161tvena podru\u010dja najosjetljivija na COVID &#8211; 19.   <\/p>\n\n\n\n<p>Okosnice na\u0161e razgovaraonice bi\u0107e:<\/p>\n\n\n\n<ul class=\"wp-block-list\"><li>Socijalna distanca: \u0160ta je uop\u0161te socijalna dostanca (ne , nije ono \u0161to se provla\u010di kroz medije), kako je uticala na na\u0161 \u017eivot, kako nas je promijenila i koliku \u0161tetu nam je nanijela<\/li><li>Strah: Kako i za\u0161to projektujemo strah, kada nastaje i kako ga dr\u017eati pod kontrolom. Razagovaracemo o starhovima koje je pandemija virusa korona prouzrokovala i dovela do usijanja<\/li><li>Novi oblici dru\u0161tvenosti: Koje je to oblike dru\u0161tvenosti pandemija izrodila, a koje potisnula. Kako odsustvo jednih i prisustvo drugih pomijera perspektivu \u010dovjekove socijalizacije i formira na\u0161u li\u010dnost na druga\u010diji na\u010din. <\/li><\/ul>\n\n\n\n<p>Prijave mo\u017eete izvr\u0161iti preko inboxa na\u0161e Facebook stranice ili preko e-maila <strong><a href=\"mailto:centarzarazvojalfa@gmail.com\" target=\"_blank\" rel=\"noreferrer noopener\" aria-label=\"centarzarazvojalfa@gmail.com (opens in a new tab)\">centarzarazvojalfa@gmail.com<\/a><\/strong>.<\/p>\n\n\n\n<p>Kao \u0161to smo ve\u0107 objasnili broj mjesta je ograni\u010den pa svoje prijave po\u0161aljite na vrijeme. Vidimo se 30. januara da skupa u\u010dinimo na\u0161u dru\u0161tvenu stvarnost funkcionalnijom i boljom!<\/p>\n\n\n\n<p>Preuzeto sa: <a href=\"https:\/\/www.facebook.com\/events\/159450239272031\/\" target=\"_blank\" rel=\"noreferrer noopener\" aria-label=\"FB event (opens in a new tab)\">FB event<\/a><\/p>\n","protected":false},"excerpt":{"rendered":"<p>Skoro godinu dana na\u0161ih \u017eivota prilagodili smo novim uslovima uzrokovanim pojavom virusa korona, \u0161to je na na\u0161e dru\u0161tvo ostavilo vidljive<\/p>\n","protected":false},"author":1,"featured_media":5708,"comment_status":"closed","ping_status":"open","sticky":false,"template":"","format":"standard","meta":{"om_disable_all_campaigns":false,"_monsterinsights_skip_tracking":false,"_monsterinsights_sitenote_active":false,"_monsterinsights_sitenote_note":"","_monsterinsights_sitenote_category":0,"footnotes":""},"categories":[6],"tags":[444,2975,618,2976,2974],"class_list":["post-5707","post","type-post","status-publish","format-standard","has-post-thumbnail","hentry","category-dogadjaji","tag-covid-19","tag-drustvene-posljedice","tag-korona","tag-neizvjesnost","tag-razgovaraonica"],"jetpack_featured_media_url":"https:\/\/www.mladibl.com\/wp-content\/uploads\/2021\/01\/Razgovaraonica_-Dru\u0161tvene-posljedice-i-neizvjesnost-sa-COVID-19.jpg","amp_enabled":true,"_links":{"self":[{"href":"https:\/\/www.mladibl.com\/index.php?rest_route=\/wp\/v2\/posts\/5707","targetHints":{"allow":["GET"]}}],"collection":[{"href":"https:\/\/www.mladibl.com\/index.php?rest_route=\/wp\/v2\/posts"}],"about":[{"href":"https:\/\/www.mladibl.com\/index.php?rest_route=\/wp\/v2\/types\/post"}],"author":[{"embeddable":true,"href":"https:\/\/www.mladibl.com\/index.php?rest_route=\/wp\/v2\/users\/1"}],"replies":[{"embeddable":true,"href":"https:\/\/www.mladibl.com\/index.php?rest_route=%2Fwp%2Fv2%2Fcomments&post=5707"}],"version-history":[{"count":1,"href":"https:\/\/www.mladibl.com\/index.php?rest_route=\/wp\/v2\/posts\/5707\/revisions"}],"predecessor-version":[{"id":5709,"href":"https:\/\/www.mladibl.com\/index.php?rest_route=\/wp\/v2\/posts\/5707\/revisions\/5709"}],"wp:featuredmedia":[{"embeddable":true,"href":"https:\/\/www.mladibl.com\/index.php?rest_route=\/wp\/v2\/media\/5708"}],"wp:attachment":[{"href":"https:\/\/www.mladibl.com\/index.php?rest_route=%2Fwp%2Fv2%2Fmedia&parent=5707"}],"wp:term":[{"taxonomy":"category","embeddable":true,"href":"https:\/\/www.mladibl.com\/index.php?rest_route=%2Fwp%2Fv2%2Fcategories&post=5707"},{"taxonomy":"post_tag","embeddable":true,"href":"https:\/\/www.mladibl.com\/index.php?rest_route=%2Fwp%2Fv2%2Ftags&post=5707"}],"curies":[{"name":"wp","href":"https:\/\/api.w.org\/{rel}","templated":true}]}}