{"id":5704,"date":"2021-01-21T10:26:41","date_gmt":"2021-01-21T08:26:41","guid":{"rendered":"http:\/\/www.mladibl.com\/?p=5704"},"modified":"2021-01-21T10:26:44","modified_gmt":"2021-01-21T08:26:44","slug":"webinar-izvjestavanje-o-inkluziji-roma","status":"publish","type":"post","link":"https:\/\/www.mladibl.com\/?p=5704","title":{"rendered":"Webinar: Izvje\u0161tavanje o inkluziji Roma"},"content":{"rendered":"\n<p>Projekat &#8220;Roma Integration 2020&#8221; organizuje webinar &#8220;Odgovorno izvje\u0161tavanje o inkluziji Roma&#8221; za novinare, predstavnike medija i sve one koje zanimaju pitanja ljudskih prava.<\/p>\n\n\n\n<p>Webinar \u0107e se odr\u017eati 25.1.2021. od 14 do 16 sati.<\/p>\n\n\n\n<p>U panel diskusiji, koju \u0107e moderirati Milica Pe\u0161i\u0107 iz Media Diversity Institute-a, u\u010destvuju Stephan M\u00fcller (Sredi\u0161nje vije\u0107e njema\u010dkih Sinta i Roma), Jake Bowers (The Gypsy Media Company Ltd) i Benard Babaj (YEA).<\/p>\n\n\n\n<p>Doga\u0111aj \u0107e biti odr\u017ean putem platforme Zoom na <strong><a href=\"https:\/\/proevent-ba.zoom.us\/j\/92864194052?pwd=OU1TMis0Q2xVRTdkZGw5KzR4WnNhdz09\" target=\"_blank\" rel=\"noreferrer noopener\" aria-label=\"ovom linku (opens in a new tab)\">ovom linku<\/a><\/strong> i otvoren je za sve zainteresirane.<\/p>\n\n\n\n<p>Za vi\u0161e informacija, <strong><a href=\"https:\/\/www.rcc.int\/romaintegration2020\/news\/347\/webinar-responsible-reporting-on-roma-inclusion\" target=\"_blank\" rel=\"noreferrer noopener\" aria-label=\"posjetite slu\u017ebene stranice organizatora (opens in a new tab)\">posjetite slu\u017ebene stranice organizatora<\/a><\/strong>.<\/p>\n\n\n\n<p>Preuzeto sa: <a href=\"https:\/\/www.media.ba\/bs\/event\/webinar-izvjestavanje-o-inkluziji-roma\" target=\"_blank\" rel=\"noreferrer noopener\" aria-label=\"media.ba (opens in a new tab)\">media.ba<\/a><\/p>\n","protected":false},"excerpt":{"rendered":"<p>Projekat &#8220;Roma Integration 2020&#8221; organizuje webinar &#8220;Odgovorno izvje\u0161tavanje o inkluziji Roma&#8221; za novinare, predstavnike medija i sve one koje zanimaju<\/p>\n","protected":false},"author":1,"featured_media":5705,"comment_status":"closed","ping_status":"open","sticky":false,"template":"","format":"standard","meta":{"om_disable_all_campaigns":false,"_monsterinsights_skip_tracking":false,"_monsterinsights_sitenote_active":false,"_monsterinsights_sitenote_note":"","_monsterinsights_sitenote_category":0,"footnotes":""},"categories":[6],"tags":[2972,624,158,247,2973,494],"class_list":["post-5704","post","type-post","status-publish","format-standard","has-post-thumbnail","hentry","category-dogadjaji","tag-inkluzija","tag-izvjestavanje","tag-ljudska-prava","tag-mediji","tag-romi","tag-webinar"],"jetpack_featured_media_url":"https:\/\/www.mladibl.com\/wp-content\/uploads\/2021\/01\/Webinar_-Izvje\u0161tavanje-o-inkluziji-Roma.jpg","amp_enabled":true,"_links":{"self":[{"href":"https:\/\/www.mladibl.com\/index.php?rest_route=\/wp\/v2\/posts\/5704","targetHints":{"allow":["GET"]}}],"collection":[{"href":"https:\/\/www.mladibl.com\/index.php?rest_route=\/wp\/v2\/posts"}],"about":[{"href":"https:\/\/www.mladibl.com\/index.php?rest_route=\/wp\/v2\/types\/post"}],"author":[{"embeddable":true,"href":"https:\/\/www.mladibl.com\/index.php?rest_route=\/wp\/v2\/users\/1"}],"replies":[{"embeddable":true,"href":"https:\/\/www.mladibl.com\/index.php?rest_route=%2Fwp%2Fv2%2Fcomments&post=5704"}],"version-history":[{"count":1,"href":"https:\/\/www.mladibl.com\/index.php?rest_route=\/wp\/v2\/posts\/5704\/revisions"}],"predecessor-version":[{"id":5706,"href":"https:\/\/www.mladibl.com\/index.php?rest_route=\/wp\/v2\/posts\/5704\/revisions\/5706"}],"wp:featuredmedia":[{"embeddable":true,"href":"https:\/\/www.mladibl.com\/index.php?rest_route=\/wp\/v2\/media\/5705"}],"wp:attachment":[{"href":"https:\/\/www.mladibl.com\/index.php?rest_route=%2Fwp%2Fv2%2Fmedia&parent=5704"}],"wp:term":[{"taxonomy":"category","embeddable":true,"href":"https:\/\/www.mladibl.com\/index.php?rest_route=%2Fwp%2Fv2%2Fcategories&post=5704"},{"taxonomy":"post_tag","embeddable":true,"href":"https:\/\/www.mladibl.com\/index.php?rest_route=%2Fwp%2Fv2%2Ftags&post=5704"}],"curies":[{"name":"wp","href":"https:\/\/api.w.org\/{rel}","templated":true}]}}