{"id":5695,"date":"2021-01-21T10:11:28","date_gmt":"2021-01-21T08:11:28","guid":{"rendered":"http:\/\/www.mladibl.com\/?p=5695"},"modified":"2021-01-21T10:11:48","modified_gmt":"2021-01-21T08:11:48","slug":"vozaci-oprez-daci-se-vracaju-u-klupe","status":"publish","type":"post","link":"https:\/\/www.mladibl.com\/?p=5695","title":{"rendered":"Voza\u010di oprez: \u0110aci se vra\u0107aju u klupe"},"content":{"rendered":"\n<p>U ve\u0107ini banjalu\u010dkih osnovnih i srednjih \u0161kola \u0107e sutra, 21. januara, po\u010deti drugo polugodi\u0161te \u0161kolske 2020\/21. godine.<\/p>\n\n\n\n<p>Iz Ministarstva prosvjete i kulture Republike Srpske je saop\u0161teno da \u0107e se nastava odvijati prema istom modelu po kojem je i po\u010dela \u0161kolska godina u septembru, uz primjenu svih preporu\u010denih epidemiolo\u0161kih mjera.<\/p>\n\n\n\n<p>To zna\u010di da \u0107e u\u010denici nastavu poha\u0111ati po grupama i i\u0107i \u0107e u \u0161kolu svakodnevno, a \u010dasovi \u0107e trajati 20 ili 30 minuta, zavisno od mogu\u0107nosti da se organizuje nastavni proces.<\/p>\n\n\n\n<p>Povodom po\u010detka nastave u drugom polugodi\u0161tu, Ministarstvo unutra\u0161njih poslova Republike Srpske i Grad Banja Luka apeluju na sve u\u010desnike u saobra\u0107aju da  odgovornim pona\u0161anjem doprinesu stanju bezbjednosti u saobra\u0107aju i tako za\u0161tite na\u0161e najmla\u0111e sugra\u0111ane.<\/p>\n\n\n\n<p>Sa ciljem \u0161to sigurnijeg u\u010de\u0161\u0107a djece \u0161kolskog uzrasta u saobra\u0107aju, voza\u010di motornih vozila se upozoravaju da brzinu kretanja u blizini \u0161kola prilagode zakonskim ograni\u010denjima i po\u0161tuju prava prvenstva pje\u0161aka na pje\u0161a\u010dkim prelazima.<\/p>\n\n\n\n<p>Podsje\u0107amo, od 21. januara ove godine, javni prevoz u Banjoj Luci se vra\u0107a u redovno stanje i funkcionisa\u0107e u punom kapacitetu.<\/p>\n\n\n\n<p>Preuzeto sa: <a href=\"https:\/\/www.banjaluka.rs.ba\/%d0%b2%d0%be%d0%b7%d0%b0%d1%87%d0%b8-%d0%be%d0%bf%d1%80%d0%b5%d0%b7-%d1%92%d0%b0%d1%86%d0%b8-%d1%81%d0%b5-%d0%b2%d1%80%d0%b0%d1%9b%d0%b0%d1%98%d1%83-%d1%83-%d0%ba%d0%bb%d1%83%d0%bf%d0%b5\/\" target=\"_blank\" rel=\"noreferrer noopener\" aria-label=\"Grad Banja Luka (opens in a new tab)\">Grad Banja Luka<\/a><\/p>\n","protected":false},"excerpt":{"rendered":"<p>U ve\u0107ini banjalu\u010dkih osnovnih i srednjih \u0161kola \u0107e sutra, 21. januara, po\u010deti drugo polugodi\u0161te \u0161kolske 2020\/21. godine. Iz Ministarstva prosvjete<\/p>\n","protected":false},"author":1,"featured_media":5696,"comment_status":"closed","ping_status":"open","sticky":false,"template":"","format":"standard","meta":{"om_disable_all_campaigns":false,"_monsterinsights_skip_tracking":false,"_monsterinsights_sitenote_active":false,"_monsterinsights_sitenote_note":"","_monsterinsights_sitenote_category":0,"footnotes":""},"categories":[2],"tags":[2876,2969,636,1275,568,2968],"class_list":["post-5695","post","type-post","status-publish","format-standard","has-post-thumbnail","hentry","category-vijesti","tag-drugo-polugodiste","tag-daci","tag-oprez","tag-skola","tag-ucenici","tag-vozaci"],"jetpack_featured_media_url":"https:\/\/www.mladibl.com\/wp-content\/uploads\/2021\/01\/Voza\u010di-oprez_-\u0110aci-se-vra\u0107aju-u-klupe.jpg","amp_enabled":true,"_links":{"self":[{"href":"https:\/\/www.mladibl.com\/index.php?rest_route=\/wp\/v2\/posts\/5695","targetHints":{"allow":["GET"]}}],"collection":[{"href":"https:\/\/www.mladibl.com\/index.php?rest_route=\/wp\/v2\/posts"}],"about":[{"href":"https:\/\/www.mladibl.com\/index.php?rest_route=\/wp\/v2\/types\/post"}],"author":[{"embeddable":true,"href":"https:\/\/www.mladibl.com\/index.php?rest_route=\/wp\/v2\/users\/1"}],"replies":[{"embeddable":true,"href":"https:\/\/www.mladibl.com\/index.php?rest_route=%2Fwp%2Fv2%2Fcomments&post=5695"}],"version-history":[{"count":1,"href":"https:\/\/www.mladibl.com\/index.php?rest_route=\/wp\/v2\/posts\/5695\/revisions"}],"predecessor-version":[{"id":5697,"href":"https:\/\/www.mladibl.com\/index.php?rest_route=\/wp\/v2\/posts\/5695\/revisions\/5697"}],"wp:featuredmedia":[{"embeddable":true,"href":"https:\/\/www.mladibl.com\/index.php?rest_route=\/wp\/v2\/media\/5696"}],"wp:attachment":[{"href":"https:\/\/www.mladibl.com\/index.php?rest_route=%2Fwp%2Fv2%2Fmedia&parent=5695"}],"wp:term":[{"taxonomy":"category","embeddable":true,"href":"https:\/\/www.mladibl.com\/index.php?rest_route=%2Fwp%2Fv2%2Fcategories&post=5695"},{"taxonomy":"post_tag","embeddable":true,"href":"https:\/\/www.mladibl.com\/index.php?rest_route=%2Fwp%2Fv2%2Ftags&post=5695"}],"curies":[{"name":"wp","href":"https:\/\/api.w.org\/{rel}","templated":true}]}}