{"id":5592,"date":"2021-01-16T12:42:21","date_gmt":"2021-01-16T10:42:21","guid":{"rendered":"http:\/\/www.mladibl.com\/?p=5592"},"modified":"2021-01-16T12:42:23","modified_gmt":"2021-01-16T10:42:23","slug":"eu4tech-poc-novi-poziv-za-inovativne-ideje","status":"publish","type":"post","link":"https:\/\/www.mladibl.com\/?p=5592","title":{"rendered":"EU4Tech PoC: Novi poziv za inovativne ideje"},"content":{"rendered":"\n<p>Nastavljaju\u0107i raditi na svojoj misiji pru\u017eanja podr\u0161ke razvoju inovativnih poslovnih ideja, INTERA Tehnolo\u0161ki Park ostaje uklju\u010dena u regionalne i europske inicijative kroz koje timovi i poduze\u0107a mogu dobiti zna\u010dajnu podr\u0161ku u ranim fazama razvoja svojih ideja. Jedna od takvih inicijativa je i projekt EU4Tech PoC \u010diji je glavni cilj pru\u017eiti timovima tehni\u010dku podr\u0161ku kako bi, prije izlaska na tr\u017ei\u0161te, validirali svoju ideju, koncept, teoriju, rje\u0161enje ili tehnologiju na kojoj rade.<\/p>\n\n\n\n<p>Nakon uspje\u0161no provedenog programa u prvom ciklusu, u ponedjeljak, 18.1.2021.godine otvara se novi poziv koji \u0107e biti predstavljen isti dan na webinaru u 14:00h. Na susretu \u0107e svi zainteresirani mo\u0107i \u010duti detalje o samom programu i na\u010dinu prijave, a saznat \u0107e ne\u0161to vi\u0161e i o podr\u0161ci koju program pru\u017ea korisnicima. Kroz radionice i mentorstvo, svi korisnici imaju priliku raditi na razvoju vlastite tehnologije i prototipa, dobiti podr\u0161ku u podru\u010dju poduzetni\u0161tva, ste\u0107i potrebna znanja za za\u0161titu intelektualnog vlasni\u0161tva, nau\u010diti istra\u017eiti tr\u017ei\u0161te, razviti vlastiti poslovni model i plan te istra\u017eiti mogu\u0107nosti financijske podr\u0161ke.<\/p>\n\n\n\n<p>Aplicirati mogu svi oni koji \u017eele validirati svoju ideju, a dolaze s razli\u010ditih sveu\u010dili\u0161ta, istra\u017eiva\u010dkih instituta, ali i malih i srednjih te startup poduze\u0107a iz regionalnih zemalja. Izabrani kandidati \u0107e imati priliku sura\u0111ivati s regionalnim timom stru\u010dnjaka koji \u0107e svojim znanjem i iskustvom doprinijeti razvoju inovativnih poslovnih ideja. \u010clan regionalnog mentorskog tima, kao predstavnik Bosne i Hercegovine, je Vedran \u0160imunovi\u0107, direktor INTERA Tehnolo\u0161kog Parka.<\/p>\n\n\n\n<p>Svi zainteresirani za predstavljanje poziva mogu se prijaviti na linku, a vi\u0161e detalja o programu prona\u0107i ovdje.<\/p>\n\n\n\n<p>Preuzeto sa: <a href=\"https:\/\/www.intera.ba\/novosti\/eu4tech-poc-novi-poziv-za-inovativne-ideje\/\" target=\"_blank\" rel=\"noreferrer noopener\" aria-label=\"intera.ba (opens in a new tab)\">intera.ba<\/a><\/p>\n","protected":false},"excerpt":{"rendered":"<p>Nastavljaju\u0107i raditi na svojoj misiji pru\u017eanja podr\u0161ke razvoju inovativnih poslovnih ideja, INTERA Tehnolo\u0161ki Park ostaje uklju\u010dena u regionalne i europske<\/p>\n","protected":false},"author":1,"featured_media":5593,"comment_status":"closed","ping_status":"open","sticky":false,"template":"","format":"standard","meta":{"om_disable_all_campaigns":false,"_monsterinsights_skip_tracking":false,"_monsterinsights_sitenote_active":false,"_monsterinsights_sitenote_note":"","_monsterinsights_sitenote_category":0,"footnotes":""},"categories":[370],"tags":[599,2589,355],"class_list":["post-5592","post","type-post","status-publish","format-standard","has-post-thumbnail","hentry","category-ostalo","tag-eu4tech","tag-inovativne-ideje","tag-poziv"],"jetpack_featured_media_url":"https:\/\/www.mladibl.com\/wp-content\/uploads\/2021\/01\/EU4Tech-PoC_-Novi-poziv-za-inovativne-ideje.jpg","amp_enabled":true,"_links":{"self":[{"href":"https:\/\/www.mladibl.com\/index.php?rest_route=\/wp\/v2\/posts\/5592","targetHints":{"allow":["GET"]}}],"collection":[{"href":"https:\/\/www.mladibl.com\/index.php?rest_route=\/wp\/v2\/posts"}],"about":[{"href":"https:\/\/www.mladibl.com\/index.php?rest_route=\/wp\/v2\/types\/post"}],"author":[{"embeddable":true,"href":"https:\/\/www.mladibl.com\/index.php?rest_route=\/wp\/v2\/users\/1"}],"replies":[{"embeddable":true,"href":"https:\/\/www.mladibl.com\/index.php?rest_route=%2Fwp%2Fv2%2Fcomments&post=5592"}],"version-history":[{"count":1,"href":"https:\/\/www.mladibl.com\/index.php?rest_route=\/wp\/v2\/posts\/5592\/revisions"}],"predecessor-version":[{"id":5594,"href":"https:\/\/www.mladibl.com\/index.php?rest_route=\/wp\/v2\/posts\/5592\/revisions\/5594"}],"wp:featuredmedia":[{"embeddable":true,"href":"https:\/\/www.mladibl.com\/index.php?rest_route=\/wp\/v2\/media\/5593"}],"wp:attachment":[{"href":"https:\/\/www.mladibl.com\/index.php?rest_route=%2Fwp%2Fv2%2Fmedia&parent=5592"}],"wp:term":[{"taxonomy":"category","embeddable":true,"href":"https:\/\/www.mladibl.com\/index.php?rest_route=%2Fwp%2Fv2%2Fcategories&post=5592"},{"taxonomy":"post_tag","embeddable":true,"href":"https:\/\/www.mladibl.com\/index.php?rest_route=%2Fwp%2Fv2%2Ftags&post=5592"}],"curies":[{"name":"wp","href":"https:\/\/api.w.org\/{rel}","templated":true}]}}