{"id":5544,"date":"2021-01-15T10:07:45","date_gmt":"2021-01-15T08:07:45","guid":{"rendered":"http:\/\/www.mladibl.com\/?p=5544"},"modified":"2021-01-15T10:14:55","modified_gmt":"2021-01-15T08:14:55","slug":"bosonogi-djecak-humanista-velikog-srca-video-prica","status":"publish","type":"post","link":"https:\/\/www.mladibl.com\/?p=5544","title":{"rendered":"&#8220;Bosonogi dje\u010dak&#8221; humanista velikog srca"},"content":{"rendered":"\n<p>\u010covjek velikog srca, predsjednik humanitarnog udru\u017eenja &#8220;Mozaik prijateljstva&#8221; i autor knjige &#8220;Pri\u010da o bosonogom dje\u010daku&#8221;. Znate li o kome je rije\u010d? Sigurni smo da znate!<\/p>\n\n\n\n<p>U nastavku pogledajte video pri\u010du sa Miroslavom Suba\u0161i\u0107em koji je o te\u0161kim iskustvima svog \u017eivota s ulice napisao knjigu: \u201ePri\u010da o bosonogom dje\u010daku\u201c.<\/p>\n\n\n\n<figure class=\"wp-block-embed-youtube wp-block-embed is-type-video is-provider-youtube wp-embed-aspect-16-9 wp-has-aspect-ratio\"><div class=\"wp-block-embed__wrapper\">\n<iframe loading=\"lazy\" title=\"&quot;Bosonogi dje\u010dak&quot; humanista velikog srca\" width=\"800\" height=\"450\" src=\"https:\/\/www.youtube.com\/embed\/OF-3o5sUFI0?feature=oembed\" frameborder=\"0\" allow=\"accelerometer; autoplay; clipboard-write; encrypted-media; gyroscope; picture-in-picture\" allowfullscreen><\/iframe>\n<\/div><\/figure>\n\n\n\n<p>Autorka: Nata\u0161a Gavur<\/p>\n","protected":false},"excerpt":{"rendered":"<p>\u010covjek velikog srca, predsjednik humanitarnog udru\u017eenja &#8220;Mozaik prijateljstva&#8221; i autor knjige &#8220;Pri\u010da o bosonogom dje\u010daku&#8221;. Znate li o kome je<\/p>\n","protected":false},"author":1,"featured_media":5545,"comment_status":"closed","ping_status":"open","sticky":false,"template":"","format":"standard","meta":{"om_disable_all_campaigns":false,"_monsterinsights_skip_tracking":false,"_monsterinsights_sitenote_active":false,"_monsterinsights_sitenote_note":"","_monsterinsights_sitenote_category":0,"footnotes":""},"categories":[370],"tags":[2893,2894,2851,2895],"class_list":["post-5544","post","type-post","status-publish","format-standard","has-post-thumbnail","hentry","category-ostalo","tag-bosnogi-djecak","tag-humanista","tag-miroslav-subasic","tag-veliko-srce"],"jetpack_featured_media_url":"https:\/\/www.mladibl.com\/wp-content\/uploads\/2021\/01\/Bosonogi-dje\u010dak-humanista-velikog-srca.jpg","amp_enabled":true,"_links":{"self":[{"href":"https:\/\/www.mladibl.com\/index.php?rest_route=\/wp\/v2\/posts\/5544","targetHints":{"allow":["GET"]}}],"collection":[{"href":"https:\/\/www.mladibl.com\/index.php?rest_route=\/wp\/v2\/posts"}],"about":[{"href":"https:\/\/www.mladibl.com\/index.php?rest_route=\/wp\/v2\/types\/post"}],"author":[{"embeddable":true,"href":"https:\/\/www.mladibl.com\/index.php?rest_route=\/wp\/v2\/users\/1"}],"replies":[{"embeddable":true,"href":"https:\/\/www.mladibl.com\/index.php?rest_route=%2Fwp%2Fv2%2Fcomments&post=5544"}],"version-history":[{"count":4,"href":"https:\/\/www.mladibl.com\/index.php?rest_route=\/wp\/v2\/posts\/5544\/revisions"}],"predecessor-version":[{"id":5552,"href":"https:\/\/www.mladibl.com\/index.php?rest_route=\/wp\/v2\/posts\/5544\/revisions\/5552"}],"wp:featuredmedia":[{"embeddable":true,"href":"https:\/\/www.mladibl.com\/index.php?rest_route=\/wp\/v2\/media\/5545"}],"wp:attachment":[{"href":"https:\/\/www.mladibl.com\/index.php?rest_route=%2Fwp%2Fv2%2Fmedia&parent=5544"}],"wp:term":[{"taxonomy":"category","embeddable":true,"href":"https:\/\/www.mladibl.com\/index.php?rest_route=%2Fwp%2Fv2%2Fcategories&post=5544"},{"taxonomy":"post_tag","embeddable":true,"href":"https:\/\/www.mladibl.com\/index.php?rest_route=%2Fwp%2Fv2%2Ftags&post=5544"}],"curies":[{"name":"wp","href":"https:\/\/api.w.org\/{rel}","templated":true}]}}