{"id":5541,"date":"2021-01-15T09:50:45","date_gmt":"2021-01-15T07:50:45","guid":{"rendered":"http:\/\/www.mladibl.com\/?p=5541"},"modified":"2021-01-15T09:50:47","modified_gmt":"2021-01-15T07:50:47","slug":"u-akciji-solidarnosti-banjalucki-crveni-krst-prikupio-200-paketa-hrane","status":"publish","type":"post","link":"https:\/\/www.mladibl.com\/?p=5541","title":{"rendered":"U &#8220;Akciji solidarnosti&#8221; banjalu\u010dki Crveni krst prikupio 200 paketa hrane"},"content":{"rendered":"\n<p>U &#8220;Akciji solidarnosti&#8221;, koju je organizovao Crveni krst Banjaluka i koja je zavr\u0161ena, ukupno je prikupljeno namirnica za 200 paketa koje \u0107e u narednim danima podijeliti socijalno ugro\u017eenim porodicama i pojedincima koji nisu korisnici Javne kuhinje.<\/p>\n\n\n\n<p>&#8220;Na\u0161i volonteri \u0107e narednih dana u banjalu\u010dkim mjesnim zajednicama podijeliti pakete socijalno ugro\u017eenim porodicama i pojedincima&#8221;, ka\u017eu iz Crvenog krsta.<\/p>\n\n\n\n<p>Kako navode, u banjalu\u010dkim \u0161kolama su prikupljane namirnice za humanitarne pakete.<\/p>\n\n\n\n<p>&#8220;U samoj akciji je u\u010destvovalo 13 \u0161kola, a s obzirom na to da sara\u0111ujemo sa 37 banjalu\u010dkih \u0161kola, nismo ba\u0161 zadovoljni odzivom&#8221;, kazali su iz Crvenog krsta.<\/p>\n\n\n\n<p>Kako navode, razlog tome je \u0161to su u\u010denici i roditelji optere\u0107eni nekim drugim akcijama koje \u0161kole sprovode.<\/p>\n\n\n\n<p>Crveni krst je ovih dana dobio i 50 paketi\u0107a za djecu koje su donirali navija\u010di Borca u sklopu akcije koju su sami organizovali, a pored tih paketi\u0107a, \u010dlanovi Omladinskog kluba Crvenog krsta Banjaluka su prikupili jo\u0161 20 paketi\u0107a.<\/p>\n\n\n\n<p>Svi paketi\u0107i su podijeljeni socijalno ugro\u017eenim porodicama, korisnicima Javne kuhinje, odnosno njihovoj djeci i unucima.<\/p>\n\n\n\n<p>Preuzeto sa: <a href=\"https:\/\/www.nezavisne.com\/novosti\/drustvo\/U-Akciji-solidarnosti-banjalucki-Crveni-krst-prikupio-200-paketa-hrane\/641085\" target=\"_blank\" rel=\"noreferrer noopener\" aria-label=\"nezavisne.com (opens in a new tab)\">nezavisne.com<\/a><\/p>\n","protected":false},"excerpt":{"rendered":"<p>U &#8220;Akciji solidarnosti&#8221;, koju je organizovao Crveni krst Banjaluka i koja je zavr\u0161ena, ukupno je prikupljeno namirnica za 200 paketa<\/p>\n","protected":false},"author":1,"featured_media":5542,"comment_status":"closed","ping_status":"open","sticky":false,"template":"","format":"standard","meta":{"om_disable_all_campaigns":false,"_monsterinsights_skip_tracking":false,"_monsterinsights_sitenote_active":false,"_monsterinsights_sitenote_note":"","_monsterinsights_sitenote_category":0,"footnotes":""},"categories":[2],"tags":[2892,2891,53,402],"class_list":["post-5541","post","type-post","status-publish","format-standard","has-post-thumbnail","hentry","category-vijesti","tag-200-paketa-hrane","tag-akcija-solidarnosti","tag-banja-luka","tag-crveni-krst"],"jetpack_featured_media_url":"https:\/\/www.mladibl.com\/wp-content\/uploads\/2021\/01\/U-_Akciji-solidarnosti_-banjalu\u010dki-Crveni-krst-prikupio-200-paketa-hrane.jpg","amp_enabled":true,"_links":{"self":[{"href":"https:\/\/www.mladibl.com\/index.php?rest_route=\/wp\/v2\/posts\/5541","targetHints":{"allow":["GET"]}}],"collection":[{"href":"https:\/\/www.mladibl.com\/index.php?rest_route=\/wp\/v2\/posts"}],"about":[{"href":"https:\/\/www.mladibl.com\/index.php?rest_route=\/wp\/v2\/types\/post"}],"author":[{"embeddable":true,"href":"https:\/\/www.mladibl.com\/index.php?rest_route=\/wp\/v2\/users\/1"}],"replies":[{"embeddable":true,"href":"https:\/\/www.mladibl.com\/index.php?rest_route=%2Fwp%2Fv2%2Fcomments&post=5541"}],"version-history":[{"count":1,"href":"https:\/\/www.mladibl.com\/index.php?rest_route=\/wp\/v2\/posts\/5541\/revisions"}],"predecessor-version":[{"id":5543,"href":"https:\/\/www.mladibl.com\/index.php?rest_route=\/wp\/v2\/posts\/5541\/revisions\/5543"}],"wp:featuredmedia":[{"embeddable":true,"href":"https:\/\/www.mladibl.com\/index.php?rest_route=\/wp\/v2\/media\/5542"}],"wp:attachment":[{"href":"https:\/\/www.mladibl.com\/index.php?rest_route=%2Fwp%2Fv2%2Fmedia&parent=5541"}],"wp:term":[{"taxonomy":"category","embeddable":true,"href":"https:\/\/www.mladibl.com\/index.php?rest_route=%2Fwp%2Fv2%2Fcategories&post=5541"},{"taxonomy":"post_tag","embeddable":true,"href":"https:\/\/www.mladibl.com\/index.php?rest_route=%2Fwp%2Fv2%2Ftags&post=5541"}],"curies":[{"name":"wp","href":"https:\/\/api.w.org\/{rel}","templated":true}]}}