{"id":5517,"date":"2021-01-14T01:20:31","date_gmt":"2021-01-13T23:20:31","guid":{"rendered":"http:\/\/www.mladibl.com\/?p=5517"},"modified":"2021-01-14T01:31:53","modified_gmt":"2021-01-13T23:31:53","slug":"pocetak-nastave-u-drugom-polugodistu-21-januar-2021-godine","status":"publish","type":"post","link":"https:\/\/www.mladibl.com\/?p=5517","title":{"rendered":"Po\u010detak nastave u drugom polugodi\u0161tu, 21. januar 2021. godine"},"content":{"rendered":"\n<p>Nastava u drugom polugodi\u0161tu \u0161kolske 2020\/2021. godine u osnovnim i srednjim \u0161kolama u Republici Srpskoj po\u010dinje u \u010detvrtak, 21. januara 2021. godine, u skladu sa \u0161kolskim kalendarom  za \u0161kolsku 2020\/2021. godinu.<\/p>\n\n\n\n<p>U svim osnovnim i srednjim \u0161kolama u Republici Srpskoj obezbije\u0111eni su svi higijensko-epidemolo\u0161ki uslovi, a cjelokupan nastavni proces bi\u0107e organizovan prema utvr\u0111enom Planu organizovanja rada u osnovnim i srednjim \u0161kolama i \u0111a\u010dkim domovima u \u0161kolskoj 2020\/2021. godini za vrijeme trajanja pandemije virusa korona.<\/p>\n\n\n\n<p>Plan organizovanja rada u \u0161kolama u potpunosti je uskla\u0111en sa preporukama Ministarstva zdravlja i socijalne za\u0161tite te Instituta za javno zdravstvo Republike Srpske, kao i sam na\u010din djelovanja i procedure u slu\u010dajevima eventulane pojave simptoma COVID-19 tokom boravka u \u0161koli kod u\u010denika ili nastavnika.<\/p>\n\n\n\n<p>Preuzeto sa: <a href=\"https:\/\/vladars.net\/sr-SP-Cyrl\/Vlada\/Ministarstva\/mpk\/media\/vijesti\/Pages\/%D0%9D%D0%B0%D1%81%D1%82%D0%B0%D0%B2%D0%B0-%D1%83-%D0%B4%D1%80%D1%83%D0%B3%D0%BE%D0%BC-%D0%BF%D0%BE%D0%BB%D1%83%D0%B3%D0%BE%D0%B4%D0%B8%D1%88%D1%82%D1%83-%D0%BF%D0%BE%D1%87%D0%B8%D1%9A%D0%B5-21.-%D1%98%D0%B0%D0%BD%D1%83%D0%B0%D1%80%D0%B0-2021.-%D0%B3%D0%BE%D0%B4%D0%B8%D0%BD%D0%B5.aspx\" target=\"_blank\" rel=\"noreferrer noopener\" aria-label=\"Ministarstvo prosvjete i kulture (opens in a new tab)\">Ministarstvo prosvjete i kulture<\/a><\/p>\n","protected":false},"excerpt":{"rendered":"<p>Nastava u drugom polugodi\u0161tu \u0161kolske 2020\/2021. godine u osnovnim i srednjim \u0161kolama u Republici Srpskoj po\u010dinje u \u010detvrtak, 21. januara<\/p>\n","protected":false},"author":1,"featured_media":5518,"comment_status":"closed","ping_status":"open","sticky":false,"template":"","format":"standard","meta":{"om_disable_all_campaigns":false,"_monsterinsights_skip_tracking":false,"_monsterinsights_sitenote_active":false,"_monsterinsights_sitenote_note":"","_monsterinsights_sitenote_category":0,"footnotes":""},"categories":[2],"tags":[2876,333,2875,130,298],"class_list":["post-5517","post","type-post","status-publish","format-standard","has-post-thumbnail","hentry","category-vijesti","tag-drugo-polugodiste","tag-osnovne-skole","tag-pocetak-nastave","tag-republika-srpska","tag-srednje-skole"],"jetpack_featured_media_url":"https:\/\/www.mladibl.com\/wp-content\/uploads\/2021\/01\/Vlada-Republike-Srpske-1.jpg","amp_enabled":true,"_links":{"self":[{"href":"https:\/\/www.mladibl.com\/index.php?rest_route=\/wp\/v2\/posts\/5517","targetHints":{"allow":["GET"]}}],"collection":[{"href":"https:\/\/www.mladibl.com\/index.php?rest_route=\/wp\/v2\/posts"}],"about":[{"href":"https:\/\/www.mladibl.com\/index.php?rest_route=\/wp\/v2\/types\/post"}],"author":[{"embeddable":true,"href":"https:\/\/www.mladibl.com\/index.php?rest_route=\/wp\/v2\/users\/1"}],"replies":[{"embeddable":true,"href":"https:\/\/www.mladibl.com\/index.php?rest_route=%2Fwp%2Fv2%2Fcomments&post=5517"}],"version-history":[{"count":1,"href":"https:\/\/www.mladibl.com\/index.php?rest_route=\/wp\/v2\/posts\/5517\/revisions"}],"predecessor-version":[{"id":5519,"href":"https:\/\/www.mladibl.com\/index.php?rest_route=\/wp\/v2\/posts\/5517\/revisions\/5519"}],"wp:featuredmedia":[{"embeddable":true,"href":"https:\/\/www.mladibl.com\/index.php?rest_route=\/wp\/v2\/media\/5518"}],"wp:attachment":[{"href":"https:\/\/www.mladibl.com\/index.php?rest_route=%2Fwp%2Fv2%2Fmedia&parent=5517"}],"wp:term":[{"taxonomy":"category","embeddable":true,"href":"https:\/\/www.mladibl.com\/index.php?rest_route=%2Fwp%2Fv2%2Fcategories&post=5517"},{"taxonomy":"post_tag","embeddable":true,"href":"https:\/\/www.mladibl.com\/index.php?rest_route=%2Fwp%2Fv2%2Ftags&post=5517"}],"curies":[{"name":"wp","href":"https:\/\/api.w.org\/{rel}","templated":true}]}}