{"id":53725,"date":"2026-09-04T11:57:56","date_gmt":"2026-09-04T09:57:56","guid":{"rendered":"https:\/\/www.mladibl.com\/?p=53725"},"modified":"2026-09-04T11:58:06","modified_gmt":"2026-09-04T09:58:06","slug":"trening-o-upravljanju-eu-projektima","status":"publish","type":"post","link":"https:\/\/www.mladibl.com\/?p=53725","title":{"rendered":"Trening o upravljanju EU projektima"},"content":{"rendered":"\n<p class=\"wp-block-paragraph\"><strong>Centar za razvoj i podr\u0161ku istra\u017eivanju Univerziteta u Banjoj Luci organizuje trening osnovnog nivoa pod nazivom \u201eUpravljanje EU projektima: Od analize problema i izbora poziva do implementacije i finalnog izvje\u0161tavanja\u201c.&nbsp;<\/strong><\/p>\n\n\n\n<p class=\"wp-block-paragraph\">Doga\u0111aj \u0107e se odr\u017eati u utorak, 8. septembra 2026. godine, sa po\u010detkom u 12.00 \u010dasova, u prostorijama Biblioteke Filozofskog fakulteta Univerziteta u Banjoj Luci.<\/p>\n\n\n\n<p class=\"wp-block-paragraph\">Trening je koncipiran kao uvodna obuka namijenjena akademskom i administrativnom osoblju koji \u017eele da steknu osnovna znanja, razumiju logiku EU fondova u pripremi i realizaciji projekata.<\/p>\n\n\n\n<p class=\"wp-block-paragraph\">Cilj ove obuke jeste da polaznicima na prakti\u010dan i pristupa\u010dan na\u010din predstavi cjelokupan projektni ciklus za projekte finansirane iz fondova Evropske unije. Kroz radionicu u\u010desnici \u0107e se upoznati sa klju\u010dnim koracima od pravilnog tuma\u010denja projektnih poziva i metodolo\u0161kog postavljanja ciljeva, preko uklju\u010divanja partnera iz privrede i osnova planiranja bud\u017eeta, do razumijevanja upravljanja rizicima i obaveza izvje\u0161tavanja.<\/p>\n\n\n\n<p class=\"wp-block-paragraph\">Trening \u0107e voditi Marko Rosi\u0107, konsultant za inovacije iz Nau\u010dno-tehnolo\u0161kog parka u Gracu (Austrija), sa vi\u0161egodi\u0161njim iskustvom u razvoju start-ap kompanija, vo\u0111enju me\u0111unarodnih projekata i spajanju nau\u010dnoistra\u017eiva\u010dkog sektora sa privredom.&nbsp;<\/p>\n\n\n\n<p class=\"wp-block-paragraph\">Broj mjesta je ograni\u010den, a prijave se vr\u0161e putem <strong><a href=\"https:\/\/forms.gle\/UucfSdyzniKRKanq7\" target=\"_blank\" rel=\"noopener\">linka<\/a><\/strong> najkasnije do 7. septembra 2026. godine.<\/p>\n\n\n\n<p class=\"wp-block-paragraph\">Aktivnost se realizuje uz podr\u0161ku Ministarstva za ljudska prava i izbjeglice Bosne i Hercegovine kroz program \u201ePrenos znanja stru\u010dnjaka iz iseljeni\u0161tva u institucije i javne ustanove u Bosni i Hercegovini\u201c.<\/p>\n\n\n\n<p class=\"wp-block-paragraph\"><a href=\"https:\/\/unibl.org\/uploads\/files\/vesti\/2026\/08\/Trening_agenda.pdf\" target=\"_blank\" rel=\"noopener\"><strong>Dnevni red<\/strong><\/a><\/p>\n\n\n\n<p class=\"wp-block-paragraph\">Preuzeto sa: <a href=\"https:\/\/unibl.org\/sr-lat\/vesti\/2026\/08\/trening-o-upravljanju-eu-projektima\" target=\"_blank\" rel=\"noopener\">unibl.org<\/a><\/p>\n","protected":false},"excerpt":{"rendered":"<p>Centar za razvoj i podr\u0161ku istra\u017eivanju Univerziteta u Banjoj Luci organizuje trening osnovnog nivoa pod nazivom \u201eUpravljanje EU projektima: Od<\/p>\n","protected":false},"author":1,"featured_media":53712,"comment_status":"closed","ping_status":"open","sticky":false,"template":"","format":"standard","meta":{"om_disable_all_campaigns":false,"_monsterinsights_skip_tracking":false,"footnotes":""},"categories":[4],"tags":[9394,220,3062],"class_list":["post-53725","post","type-post","status-publish","format-standard","has-post-thumbnail","hentry","category-edukacija","tag-eu-projekti","tag-trening","tag-upravljanje"],"amp_enabled":true,"jetpack_featured_media_url":"https:\/\/www.mladibl.com\/wp-content\/uploads\/2026\/09\/EU-projekti.jpg","_links":{"self":[{"href":"https:\/\/www.mladibl.com\/index.php?rest_route=\/wp\/v2\/posts\/53725","targetHints":{"allow":["GET"]}}],"collection":[{"href":"https:\/\/www.mladibl.com\/index.php?rest_route=\/wp\/v2\/posts"}],"about":[{"href":"https:\/\/www.mladibl.com\/index.php?rest_route=\/wp\/v2\/types\/post"}],"author":[{"embeddable":true,"href":"https:\/\/www.mladibl.com\/index.php?rest_route=\/wp\/v2\/users\/1"}],"replies":[{"embeddable":true,"href":"https:\/\/www.mladibl.com\/index.php?rest_route=%2Fwp%2Fv2%2Fcomments&post=53725"}],"version-history":[{"count":1,"href":"https:\/\/www.mladibl.com\/index.php?rest_route=\/wp\/v2\/posts\/53725\/revisions"}],"predecessor-version":[{"id":53726,"href":"https:\/\/www.mladibl.com\/index.php?rest_route=\/wp\/v2\/posts\/53725\/revisions\/53726"}],"wp:featuredmedia":[{"embeddable":true,"href":"https:\/\/www.mladibl.com\/index.php?rest_route=\/wp\/v2\/media\/53712"}],"wp:attachment":[{"href":"https:\/\/www.mladibl.com\/index.php?rest_route=%2Fwp%2Fv2%2Fmedia&parent=53725"}],"wp:term":[{"taxonomy":"category","embeddable":true,"href":"https:\/\/www.mladibl.com\/index.php?rest_route=%2Fwp%2Fv2%2Fcategories&post=53725"},{"taxonomy":"post_tag","embeddable":true,"href":"https:\/\/www.mladibl.com\/index.php?rest_route=%2Fwp%2Fv2%2Ftags&post=53725"}],"curies":[{"name":"wp","href":"https:\/\/api.w.org\/{rel}","templated":true}]}}