{"id":53706,"date":"2026-09-04T08:55:30","date_gmt":"2026-09-04T06:55:30","guid":{"rendered":"https:\/\/www.mladibl.com\/?p=53706"},"modified":"2026-09-04T08:55:39","modified_gmt":"2026-09-04T06:55:39","slug":"septembar-u-banskom-dvoru-koncerti-izlozbe-knjizevne-promocije-filmske-projekcije-predavanja","status":"publish","type":"post","link":"https:\/\/www.mladibl.com\/?p=53706","title":{"rendered":"Septembar u Banskom dvoru: Koncerti, izlo\u017ebe, knji\u017eevne promocije, filmske projekcije, predavanja \u2026"},"content":{"rendered":"\n<hr class=\"wp-block-separator has-alpha-channel-opacity\"\/>\n\n\n\n<p class=\"wp-block-paragraph\">U Banskom dvoru publiku tokom septmebra o\u010dekuju koncerti, izlo\u017ebe, knji\u017eevne promocije, filmske projekcije, predavanja i bogat program koji \u0107e obilje\u017eiti po\u010detak jesenjih kulturnih de\u0161avanja.<\/p>\n\n\n\n<p class=\"wp-block-paragraph\">Kompletan program pogledajte na linku <a href=\"https:\/\/banskidvor.org\/program-za-mjesec-septembar-2026-godine\/\" target=\"_blank\" rel=\"noopener\">OVDJE<\/a>.<\/p>\n\n\n\n<p class=\"wp-block-paragraph\">Preuzeto sa: <a href=\"https:\/\/www.banjaluka.rs.ba\/septembar-u-banskom-dvoru\/\" target=\"_blank\" rel=\"noopener\">banjaluka.rs.ba<\/a><\/p>\n","protected":false},"excerpt":{"rendered":"<p>U Banskom dvoru publiku tokom septmebra o\u010dekuju koncerti, izlo\u017ebe, knji\u017eevne promocije, filmske projekcije, predavanja i bogat program koji \u0107e obilje\u017eiti<\/p>\n","protected":false},"author":1,"featured_media":53716,"comment_status":"closed","ping_status":"open","sticky":false,"template":"","format":"standard","meta":{"om_disable_all_campaigns":false,"_monsterinsights_skip_tracking":false,"footnotes":""},"categories":[2],"tags":[881,5953],"class_list":["post-53706","post","type-post","status-publish","format-standard","has-post-thumbnail","hentry","category-vijesti","tag-banski-dvor","tag-septembar"],"amp_enabled":true,"jetpack_featured_media_url":"https:\/\/www.mladibl.com\/wp-content\/uploads\/2026\/09\/Septembar-u-Banskom-dvoru.jpg","_links":{"self":[{"href":"https:\/\/www.mladibl.com\/index.php?rest_route=\/wp\/v2\/posts\/53706","targetHints":{"allow":["GET"]}}],"collection":[{"href":"https:\/\/www.mladibl.com\/index.php?rest_route=\/wp\/v2\/posts"}],"about":[{"href":"https:\/\/www.mladibl.com\/index.php?rest_route=\/wp\/v2\/types\/post"}],"author":[{"embeddable":true,"href":"https:\/\/www.mladibl.com\/index.php?rest_route=\/wp\/v2\/users\/1"}],"replies":[{"embeddable":true,"href":"https:\/\/www.mladibl.com\/index.php?rest_route=%2Fwp%2Fv2%2Fcomments&post=53706"}],"version-history":[{"count":1,"href":"https:\/\/www.mladibl.com\/index.php?rest_route=\/wp\/v2\/posts\/53706\/revisions"}],"predecessor-version":[{"id":53717,"href":"https:\/\/www.mladibl.com\/index.php?rest_route=\/wp\/v2\/posts\/53706\/revisions\/53717"}],"wp:featuredmedia":[{"embeddable":true,"href":"https:\/\/www.mladibl.com\/index.php?rest_route=\/wp\/v2\/media\/53716"}],"wp:attachment":[{"href":"https:\/\/www.mladibl.com\/index.php?rest_route=%2Fwp%2Fv2%2Fmedia&parent=53706"}],"wp:term":[{"taxonomy":"category","embeddable":true,"href":"https:\/\/www.mladibl.com\/index.php?rest_route=%2Fwp%2Fv2%2Fcategories&post=53706"},{"taxonomy":"post_tag","embeddable":true,"href":"https:\/\/www.mladibl.com\/index.php?rest_route=%2Fwp%2Fv2%2Ftags&post=53706"}],"curies":[{"name":"wp","href":"https:\/\/api.w.org\/{rel}","templated":true}]}}