{"id":53686,"date":"2026-09-03T07:18:10","date_gmt":"2026-09-03T05:18:10","guid":{"rendered":"https:\/\/www.mladibl.com\/?p=53686"},"modified":"2026-09-03T07:18:20","modified_gmt":"2026-09-03T05:18:20","slug":"sve-je-spremno-za-jos-jedan-a-string-fest","status":"publish","type":"post","link":"https:\/\/www.mladibl.com\/?p=53686","title":{"rendered":"Sve je spremno za jo\u0161 jedan \u201eA String Fest\u201c"},"content":{"rendered":"\n<hr class=\"wp-block-separator has-alpha-channel-opacity\"\/>\n\n\n\n<p class=\"wp-block-paragraph\">Banja Luka \u0107e i ove godine biti doma\u0107in festivala \u201eA String Festa\u201c, koji \u0107e od 4. do 6. septembra okupiti ljubitelje muzike razli\u010ditih generacija i ukusa.<\/p>\n\n\n\n<p class=\"wp-block-paragraph\">Tokom tri festivalska dana, Banski dvor i Muzej Republike Srpske bi\u0107e mjesta susreta vrhunske muzike, mladih umjetnika i publike, uz atmosferu koja festivalu iz godine u godinu daje posebnu energiju.<\/p>\n\n\n\n<p class=\"wp-block-paragraph\">-Sa\u010duvajte raspored i pridru\u017eite nam se na koncertima A String Festa. Vjerujemo da muzika ima najljep\u0161i smisao kada mo\u017ee da dotakne razli\u010dite generacije i razli\u010dite ukuse. Zato smo i ove godine pripremili raznovrstan koncertni program: od festivalskog otvaranja i programa za na\u0161e najmla\u0111e, do kamerne muzike, balkanskih zvukova i velikog zavr\u0161nog koncerta No Borders Orchestra \u2013 navedeno je u saop\u0161tenju.&nbsp;<\/p>\n\n\n\n<p class=\"wp-block-paragraph\">Dodaju kako je Festival poziv svima vama da zajedno u\u017eivaju u bezvremenskoj ljepoti guda\u010dkog zvuka, da u\u010dimo jedni od drugih i zajedno gradimo muzi\u010dku budu\u0107nost. Detaljan program festivala pogledajte u nastavku:<\/p>\n\n\n\n<figure class=\"wp-block-image is-resized\"><img decoding=\"async\" src=\"https:\/\/www.banjaluka.rs.ba\/wp-content\/uploads\/2026\/08\/a-string-819x1024.jpg\" alt=\"\" class=\"wp-image-71260\" style=\"aspect-ratio:0.8;width:640px;height:auto\"\/><\/figure>\n\n\n\n<p class=\"wp-block-paragraph\">Preuzeto sa: <a href=\"https:\/\/www.banjaluka.rs.ba\/sve-je-spremno-za-jos-jedan-a-string-fest\/\">banjaluka.rs.ba<\/a><\/p>\n","protected":false},"excerpt":{"rendered":"<p>Banja Luka \u0107e i ove godine biti doma\u0107in festivala \u201eA String Festa\u201c, koji \u0107e od 4. do 6. septembra okupiti<\/p>\n","protected":false},"author":1,"featured_media":53678,"comment_status":"closed","ping_status":"open","sticky":false,"template":"","format":"standard","meta":{"om_disable_all_campaigns":false,"_monsterinsights_skip_tracking":false,"footnotes":""},"categories":[2],"tags":[15622,707,1302],"class_list":["post-53686","post","type-post","status-publish","format-standard","has-post-thumbnail","hentry","category-vijesti","tag-a-string-fest","tag-festival","tag-muzika"],"amp_enabled":true,"jetpack_featured_media_url":"https:\/\/www.mladibl.com\/wp-content\/uploads\/2026\/09\/a-string-festival.jpg","_links":{"self":[{"href":"https:\/\/www.mladibl.com\/index.php?rest_route=\/wp\/v2\/posts\/53686","targetHints":{"allow":["GET"]}}],"collection":[{"href":"https:\/\/www.mladibl.com\/index.php?rest_route=\/wp\/v2\/posts"}],"about":[{"href":"https:\/\/www.mladibl.com\/index.php?rest_route=\/wp\/v2\/types\/post"}],"author":[{"embeddable":true,"href":"https:\/\/www.mladibl.com\/index.php?rest_route=\/wp\/v2\/users\/1"}],"replies":[{"embeddable":true,"href":"https:\/\/www.mladibl.com\/index.php?rest_route=%2Fwp%2Fv2%2Fcomments&post=53686"}],"version-history":[{"count":1,"href":"https:\/\/www.mladibl.com\/index.php?rest_route=\/wp\/v2\/posts\/53686\/revisions"}],"predecessor-version":[{"id":53687,"href":"https:\/\/www.mladibl.com\/index.php?rest_route=\/wp\/v2\/posts\/53686\/revisions\/53687"}],"wp:featuredmedia":[{"embeddable":true,"href":"https:\/\/www.mladibl.com\/index.php?rest_route=\/wp\/v2\/media\/53678"}],"wp:attachment":[{"href":"https:\/\/www.mladibl.com\/index.php?rest_route=%2Fwp%2Fv2%2Fmedia&parent=53686"}],"wp:term":[{"taxonomy":"category","embeddable":true,"href":"https:\/\/www.mladibl.com\/index.php?rest_route=%2Fwp%2Fv2%2Fcategories&post=53686"},{"taxonomy":"post_tag","embeddable":true,"href":"https:\/\/www.mladibl.com\/index.php?rest_route=%2Fwp%2Fv2%2Ftags&post=53686"}],"curies":[{"name":"wp","href":"https:\/\/api.w.org\/{rel}","templated":true}]}}