{"id":53662,"date":"2026-09-02T12:13:18","date_gmt":"2026-09-02T10:13:18","guid":{"rendered":"https:\/\/www.mladibl.com\/?p=53662"},"modified":"2026-09-02T12:13:27","modified_gmt":"2026-09-02T10:13:27","slug":"prijavi-se-na-trening-za-trenere-i-trenerice-iz-oblasti-medijske-i-digitalne-pismenosti","status":"publish","type":"post","link":"https:\/\/www.mladibl.com\/?p=53662","title":{"rendered":"Prijavi se na Trening za trenere i trenerice iz oblasti medijske i digitalne pismenosti!"},"content":{"rendered":"\n<p class=\"wp-block-paragraph\"><strong>\u017deli\u0161 u\u010diti, razvijati nove vje\u0161tine i prenositi znanje drugima? Prijavi se na Trening za trenere i trenerice iz oblasti medijske i digitalne pismenosti.<\/strong><\/p>\n\n\n\n<p class=\"wp-block-paragraph\">Ako radi\u0161 u formalnom ili neformalnom obrazovanju, bavi\u0161 se omladinskim radom ili drugim oblicima rada s mladima, pozivamo te da se prijavi\u0161 na \u010detverodnevni Trening za trenere i trenerice iz oblasti medijske i digitalne pismenosti, koji \u0107e se odr\u017eati u <strong>Mostaru od 16. do 19. 10. 2026. godine.<\/strong><\/p>\n\n\n\n<h3 class=\"wp-block-heading\"><strong>O \u010demu je rije\u010d?<\/strong><\/h3>\n\n\n\n<p class=\"wp-block-paragraph\">U vremenu sveprisutnih dezinformacija i digitalnih izazova va\u017eno je da edukatori i edukatorice budu spremni da mladima prenesu znanja i vje\u0161tine potrebne za kriti\u010dko razmi\u0161ljanje, razumijevanje medija, kao i digitalnih alata za provjeru \u010dinjenica. U tu svrhu, organizujemo trening za trenere\/ice koji \u0107e se fokusirati na:<\/p>\n\n\n\n<ul class=\"wp-block-list\">\n<li>tehnike i metode u\u010denja i preno\u0161enja znanja,<\/li>\n\n\n\n<li>medijsku pismenost,<\/li>\n\n\n\n<li>nau\u010dnu pismenost,<\/li>\n\n\n\n<li>digitalnu pismenost,<\/li>\n\n\n\n<li>alate umjetne inteligencije i druge alate za prepoznavanje \u010dinjenica.<\/li>\n<\/ul>\n\n\n\n<p class=\"wp-block-paragraph\">Trening za trenere i trenerice organizuje Udru\u017eenje gra\u0111ana i gra\u0111anki \u201eZa\u0161to ne\u201d u sklopu projekta Evropske unije \u201ePodizanje svijesti i znanja o medijskoj pismenosti me\u0111u mladima u BiH\u201d. Nakon pro\u0161logodi\u0161njeg <a href=\"https:\/\/zastone.ba\/poceo-trening-za-trenere-i-trenerice-iz-oblasti-medijske-i-digitalne-pismenosti\/\">uspje\u0161nog treninga<\/a>, ovo \u0107e biti drugi odr\u017eani trening u okviru istog projekta.<\/p>\n\n\n\n<h3 class=\"wp-block-heading\"><strong>Ko se mo\u017ee prijaviti?<br><\/strong><\/h3>\n\n\n\n<p class=\"wp-block-paragraph\">Poziv je otvoren za u\u010desnike i u\u010desnice iz Bosne i Hercegovine koji predstavljaju:<\/p>\n\n\n\n<ul class=\"wp-block-list\">\n<li>nastavnike\/ce i profesore\/ice koji rade s mladima u osnovnim i srednjim \u0161kolama, kao i na fakultetima,<\/li>\n\n\n\n<li>omladinske radnike\/ce i edukatore\/ice koji realizuju obrazovne aktivnosti s mladima.<\/li>\n<\/ul>\n\n\n\n<p class=\"wp-block-paragraph\">Svi kandidati i kandidatkinje trebaju imati motivaciju da ste\u010deno znanje prenesu u svojoj zajednici, \u0161koli ili organizaciji.<\/p>\n\n\n\n<h3 class=\"wp-block-heading\"><strong>Kada i gdje?<\/strong><\/h3>\n\n\n\n<p class=\"wp-block-paragraph\">\ud83d\udccd Mostar (Hotel Eden)<br>\ud83d\udcc6 16-19. 10. 2026.<br>\ud83d\udecf\ufe0f Svi u\u010desnici i u\u010desnice bit \u0107e smje\u0161teni u jednokrevetnim sobama, a obezbije\u0111eni su i obroci i osvje\u017eenje tokom treninga, kao i tro\u0161kovi puta.<\/p>\n\n\n\n<h3 class=\"wp-block-heading\"><strong>\u0160ta te o\u010dekuje?<\/strong><\/h3>\n\n\n\n<ul class=\"wp-block-list\">\n<li>Interaktivne radionice i predavanja<\/li>\n\n\n\n<li>Razmjena iskustava s kolegama i kolegicama iz razli\u010ditih krajeva BiH<\/li>\n\n\n\n<li>Certifikat o uspje\u0161no zavr\u0161enom programu<\/li>\n<\/ul>\n\n\n\n<h3 class=\"wp-block-heading\"><strong>Ko su predava\u010di\/ce?<\/strong><\/h3>\n\n\n\n<p class=\"wp-block-paragraph\">Predava\u010di i predava\u010dice na treningu bit \u0107e vode\u0107i stru\u010dnjaci i stru\u010dnjakinje:<\/p>\n\n\n\n<ul class=\"wp-block-list\">\n<li><strong>Namir Ibrahimovi\u0107<\/strong> (Udru\u017eenje \u201cStep by Step\u201d) \u2013 tehnike i metode u\u010denja i prenosa znanja<\/li>\n\n\n\n<li><strong>dr. Lejla Tur\u010dilo<\/strong> (Univerzitet u Sarajevu, Fakultet politi\u010dkih nauka) \u2013 medijska pismenost i analiza medijskih sadr\u017eaja<\/li>\n\n\n\n<li><strong>Jelena Kalini\u0107<\/strong> (Udru\u017eenje \u201cNauka i svijet\u201d) \u2013 nau\u010dna pismenost i razumijevanje pseudonauke<\/li>\n\n\n\n<li><strong>Marija \u0106osi\u0107<\/strong> (Udru\u017eenje gra\u0111ana i gra\u0111anki \u201cZa\u0161to ne\u201d) \u2013 digitalna pismenost i provjera \u010dinjenica<\/li>\n\n\n\n<li><strong>dr. Nasir Mufti\u0107<\/strong> (Univerzitet u Sarajevu, Pravni fakultet) \u2013 alati generativne umjetne inteligencije i pitanja (zlo)upotrebe takvih alata<\/li>\n\n\n\n<li><strong>Ned\u017ead Kamenica<\/strong> (Fondacija <strong>\u201c<\/strong>Sch\u00fcler Helfen Leben\u201d) \u2013 pristupi i metode rada s mladima<\/li>\n<\/ul>\n\n\n\n<h3 class=\"wp-block-heading\"><strong>Kako se prijaviti?<\/strong><\/h3>\n\n\n\n<p class=\"wp-block-paragraph\">Prijave su otvorene do <strong>25. 09. 2026.<\/strong> putem <a href=\"https:\/\/forms.gle\/fzUtvWLBdAmU6SsB8\"><em>online<\/em><\/a> <a href=\"https:\/\/forms.gle\/fzUtvWLBdAmU6SsB8\">forme<\/a>:<\/p>\n\n\n\n<h4 class=\"wp-block-heading\"><strong>\u010cekamo tvoju prijavu!<\/strong><\/h4>\n\n\n\n<p class=\"wp-block-paragraph\">Po\u017euri i osiguraj svoje mjesto \u2013 broj u\u010desnika\/ca je ograni\u010den!<\/p>\n\n\n\n<p class=\"wp-block-paragraph\">Pridru\u017ei nam se u Mostaru i postani dio zajednice trenera i trenerica koji mijenjaju na\u010din na koji mladi u\u010de o medijima i digitalnom svijetu.<\/p>\n\n\n\n<p class=\"wp-block-paragraph\">Za vi\u0161e informacija pi\u0161ite nam na <a href=\"mailto:info@zastone.ba\"><strong>info@zastone.ba<\/strong><\/a>.<\/p>\n\n\n\n<p class=\"wp-block-paragraph\">Preuzeto sa: <a href=\"https:\/\/zastone.ba\/prijavi-se-na-trening-za-trenere-i-trenerice-iz-oblasti-medijske-i-digitalne-pismenosti\/\" target=\"_blank\" rel=\"noopener\">zastone.ba<\/a><\/p>\n","protected":false},"excerpt":{"rendered":"<p>\u017deli\u0161 u\u010diti, razvijati nove vje\u0161tine i prenositi znanje drugima? Prijavi se na Trening za trenere i trenerice iz oblasti medijske<\/p>\n","protected":false},"author":1,"featured_media":53644,"comment_status":"closed","ping_status":"open","sticky":false,"template":"","format":"standard","meta":{"om_disable_all_campaigns":false,"_monsterinsights_skip_tracking":false,"footnotes":""},"categories":[4],"tags":[1682,1724,5643,764],"class_list":["post-53662","post","type-post","status-publish","format-standard","has-post-thumbnail","hentry","category-edukacija","tag-digitalna","tag-medijska","tag-pismenost","tag-trening-za-trenere"],"amp_enabled":true,"jetpack_featured_media_url":"https:\/\/www.mladibl.com\/wp-content\/uploads\/2026\/09\/Trening-za-trenere-i-trenerice-iz-oblasti-medijske-i-digitalne-pismenosti.jpg","_links":{"self":[{"href":"https:\/\/www.mladibl.com\/index.php?rest_route=\/wp\/v2\/posts\/53662","targetHints":{"allow":["GET"]}}],"collection":[{"href":"https:\/\/www.mladibl.com\/index.php?rest_route=\/wp\/v2\/posts"}],"about":[{"href":"https:\/\/www.mladibl.com\/index.php?rest_route=\/wp\/v2\/types\/post"}],"author":[{"embeddable":true,"href":"https:\/\/www.mladibl.com\/index.php?rest_route=\/wp\/v2\/users\/1"}],"replies":[{"embeddable":true,"href":"https:\/\/www.mladibl.com\/index.php?rest_route=%2Fwp%2Fv2%2Fcomments&post=53662"}],"version-history":[{"count":1,"href":"https:\/\/www.mladibl.com\/index.php?rest_route=\/wp\/v2\/posts\/53662\/revisions"}],"predecessor-version":[{"id":53663,"href":"https:\/\/www.mladibl.com\/index.php?rest_route=\/wp\/v2\/posts\/53662\/revisions\/53663"}],"wp:featuredmedia":[{"embeddable":true,"href":"https:\/\/www.mladibl.com\/index.php?rest_route=\/wp\/v2\/media\/53644"}],"wp:attachment":[{"href":"https:\/\/www.mladibl.com\/index.php?rest_route=%2Fwp%2Fv2%2Fmedia&parent=53662"}],"wp:term":[{"taxonomy":"category","embeddable":true,"href":"https:\/\/www.mladibl.com\/index.php?rest_route=%2Fwp%2Fv2%2Fcategories&post=53662"},{"taxonomy":"post_tag","embeddable":true,"href":"https:\/\/www.mladibl.com\/index.php?rest_route=%2Fwp%2Fv2%2Ftags&post=53662"}],"curies":[{"name":"wp","href":"https:\/\/api.w.org\/{rel}","templated":true}]}}