{"id":53656,"date":"2026-09-02T12:06:59","date_gmt":"2026-09-02T10:06:59","guid":{"rendered":"https:\/\/www.mladibl.com\/?p=53656"},"modified":"2026-09-02T12:07:08","modified_gmt":"2026-09-02T10:07:08","slug":"ai-lablaw-ai-radni-tokovi-i-agenti-u-advokatskoj-kancelariji","status":"publish","type":"post","link":"https:\/\/www.mladibl.com\/?p=53656","title":{"rendered":"AI LabLaw \u2013 AI radni tokovi i agenti u advokatskoj kancelariji"},"content":{"rendered":"\n<p class=\"wp-block-paragraph\">Kako vje\u0161ta\u010dka inteligencija prelazi iz faze pojedina\u010dnog alata u sistem koji mo\u017ee podr\u017eati svakodnevne procese u advokatskoj kancelariji?<\/p>\n\n\n\n<p class=\"wp-block-paragraph\">Pridru\u017eite nam se na naprednoj prakti\u010dnoj radionici posve\u0107enoj primjeni AI tehnologija kroz standardizovane radne tokove, automatizaciju kancelarijskih procesa i izgradnju kontrolisanih sistema rada.<\/p>\n\n\n\n<p class=\"wp-block-paragraph\">Nakon prvog ciklusa, koji je bio usmjeren na prakti\u010dnu primjenu generativne vje\u0161ta\u010dke inteligencije u pravnom istra\u017eivanju, analizi i izradi pravnih akata, ovaj program predstavlja naredni korak \u2013 povezivanje AI alata u organizovane radne tokove koji mogu unaprijediti svakodnevno poslovanje advokatske kancelarije.<\/p>\n\n\n\n<p class=\"wp-block-paragraph\">Tokom radionice u\u010desnici \u0107e ste\u0107i prakti\u010dna znanja o:<\/p>\n\n\n\n<ul class=\"wp-block-list\">\n<li>povezivanju vi\u0161e AI zadataka u jedinstven i kontrolisan radni tok;<\/li>\n\n\n\n<li>radu sa velikom koli\u010dinom pravne dokumentacije;<\/li>\n\n\n\n<li>izgradnji standardizovanih i ponovljivih procesa koji \u0161tede vrijeme i pove\u0107avaju efikasnost;<\/li>\n\n\n\n<li>za\u0161titi povjerljivih podataka i zadr\u017eavanju kontrole nad rezultatima AI sistema;<\/li>\n\n\n\n<li>mogu\u0107nostima lokalne transkripcije kori\u0161tenjem Whisper tehnologije;<\/li>\n\n\n\n<li>kreiranju prilago\u0111enih instrukcija i AI \u201cskills\u201d za potrebe advokatske kancelarije;<\/li>\n\n\n\n<li>provjeri izvora, validaciji rezultata i razumijevanju ograni\u010denja AI sistema.<\/li>\n<\/ul>\n\n\n\n<p class=\"wp-block-paragraph\">Poseban akcenat bi\u0107e stavljen na prakti\u010dne demonstracije koje \u0107e pokazati kako se pojedina\u010dni AI alati mogu povezati u efikasan i kontrolisan proces rada, uz definisanje jasnih pravila za njihovu sigurnu i dosljednu primjenu u advokatskoj praksi.<\/p>\n\n\n\n<p class=\"wp-block-paragraph\">Na kraju radionice bi\u0107e predstavljeni konkretni koraci za implementaciju AI radnih tokova u advokatskoj kancelariji, uklju\u010duju\u0107i organizaciju internih procesa, izradu internih instrukcija i plan postepenog uvo\u0111enja AI rje\u0161enja.<\/p>\n\n\n\n<p class=\"wp-block-paragraph\">Radionica je namijenjena advokatima, partnerima i saradnicima u advokatskim kancelarijama, kao i svim pravnicima koji ve\u0107 imaju osnovno iskustvo u kori\u0161tenju AI alata i \u017eele unaprijediti njihovu primjenu u svakodnevnom radu. Poha\u0111anje prvog ciklusa radionice je preporu\u010deno, ali nije uslov za u\u010de\u0161\u0107e.<\/p>\n\n\n\n<p class=\"wp-block-paragraph\"><strong>Prijava<\/strong><\/p>\n\n\n\n<p class=\"wp-block-paragraph\">Prijava na radionicu dostupna je putem sljede\u0107eg linka: <a href=\"https:\/\/docs.google.com\/forms\/d\/e\/1FAIpQLSdUWhy6PPBlLW3uXZiVpFLb2fclOYUYnCPCsZ8DGax2lNuakQ\/viewform?usp=header\">Prijava<\/a><\/p>\n\n\n\n<p class=\"wp-block-paragraph\"><strong>Datum odr\u017eavanja:<\/strong> 11.9.2026.<\/p>\n\n\n\n<p class=\"wp-block-paragraph\"><strong>Vrijeme:<\/strong> 11:00 \u010dasova<\/p>\n\n\n\n<p class=\"wp-block-paragraph\"><strong>Lokacija:<\/strong> Inovacioni centar, Dr. Mladena Stojanovi\u0107a 4, Banja Luka<\/p>\n\n\n\n<p class=\"wp-block-paragraph\"><strong>Radionica \u0107e biti organizovana u hibridnom formatu, uz mogu\u0107nost u\u010de\u0161\u0107a u\u017eivo i online.<\/strong><\/p>\n\n\n\n<p class=\"wp-block-paragraph\"><a href=\"https:\/\/docs.google.com\/document\/d\/14ggOgs-XCoOR4V60vpflKzFvbIG15c21\/edit?usp=sharing&amp;ouid=101481025731016749905&amp;rtpof=true&amp;sd=true\">Agenda radionice<\/a><\/p>\n\n\n\n<p class=\"wp-block-paragraph\"><strong>Cijena:<\/strong><\/p>\n\n\n\n<p class=\"wp-block-paragraph\"><strong>Promo cijena (ukoliko se prijavite do 4.9.2026.):<\/strong> 300 KM<\/p>\n\n\n\n<p class=\"wp-block-paragraph\"><strong>Redovna cijena:<\/strong> 400 KM<\/p>\n\n\n\n<p class=\"wp-block-paragraph\"><strong>Popust:<\/strong>&nbsp;\u010clanovi Advokatske komore Republike Srpske i u\u010desnici prvog ciklusa obuke \u201eAI u advokatskoj kancelariji\u201c ostvaruju pravo na 20% popusta na cijenu radionice.<\/p>\n\n\n\n<p class=\"wp-block-paragraph\"><strong>Kontakt za dodatne informacije i rezervacije:<\/strong><\/p>\n\n\n\n<p class=\"wp-block-paragraph\">051 340 606<\/p>\n\n\n\n<p class=\"wp-block-paragraph\"><a href=\"mailto:trening@icbl.ba\">trening@icbl.ba<\/a><\/p>\n\n\n\n<p class=\"wp-block-paragraph\">Radnim danima od 8.00 do 16.00 \u010dasova.<\/p>\n\n\n\n<p class=\"wp-block-paragraph\"><strong>O predava\u010du<\/strong><\/p>\n\n\n\n<p class=\"wp-block-paragraph\">Igor Kanjski je advokat sa vi\u0161egodi\u0161njim iskustvom u advokaturi, sa posebnim fokusom na za\u0161titu li\u010dnih podataka te IP i IT pravo. Prate\u0107i ubrzanu digitalizaciju pravne profesije, ve\u0107 du\u017ei niz godina aktivno istra\u017euje i primjenjuje alate vje\u0161ta\u010dke inteligencije, analiziraju\u0107i njihove pravne, eti\u010dke i prakti\u010dne aspekte u svakodnevnom radu advokata.<\/p>\n\n\n\n<p class=\"wp-block-paragraph\">Zavr\u0161io je me\u0111unarodni program Univerziteta u Oxfordu \u201eAI, Justice and the Rule of Law\u201c, posve\u0107en primjeni vje\u0161ta\u010dke inteligencije u pravosu\u0111u, namijenjen sudijama, advokatima i drugim pravnim i pravosudnim profesionalcima. Program je dodatno unaprijedio njegovu ekspertizu u oblasti pravnih, eti\u010dkih i institucionalnih aspekata primjene AI tehnologija u pravosudnom sistemu.<\/p>\n\n\n\n<p class=\"wp-block-paragraph\">Predavanja i stru\u010dne edukacije iz oblasti primjene vje\u0161ta\u010dke inteligencije u pravnoj profesiji odr\u017eavao je u Bosni i Hercegovini i inostranstvu, kroz programe namijenjene advokatima i drugim pravnim profesionalcima.<\/p>\n\n\n\n<p class=\"wp-block-paragraph\">Njegov pristup zasniva se na stvarnoj advokatskoj praksi i uvjerenju da vje\u0161ta\u010dka inteligencija mo\u017ee imati vrijednost u pravnoj profesiji samo kada se koristi odgovorno, kontrolisano i u skladu sa profesionalnim standardima.<\/p>\n\n\n\n<p class=\"wp-block-paragraph\">Na njegovim radionicama u\u010desnici ne dobijaju teorijski pregled tehnologije, ve\u0107 prakti\u010dna rje\u0161enja i jasne smjernice kako AI koristiti za unapre\u0111enje rada advokatske kancelarije, uz o\u010duvanje profesionalne odgovornosti, advokatske tajne i pravne sigurnosti.<\/p>\n\n\n\n<figure class=\"wp-block-image size-full\"><img loading=\"lazy\" decoding=\"async\" width=\"800\" height=\"1000\" src=\"http:\/\/www.mladibl.com\/wp-content\/uploads\/2026\/09\/AI-LabLaw-\u2013-AI-radni-tokovi-i-agenti-u-advokatskoj-kancelariji.jpg\" alt=\"AI LabLaw \u2013 AI radni tokovi i agenti u advokatskoj kancelariji\" class=\"wp-image-53647\" srcset=\"https:\/\/www.mladibl.com\/wp-content\/uploads\/2026\/09\/AI-LabLaw-\u2013-AI-radni-tokovi-i-agenti-u-advokatskoj-kancelariji.jpg 800w, https:\/\/www.mladibl.com\/wp-content\/uploads\/2026\/09\/AI-LabLaw-\u2013-AI-radni-tokovi-i-agenti-u-advokatskoj-kancelariji-240x300.jpg 240w, https:\/\/www.mladibl.com\/wp-content\/uploads\/2026\/09\/AI-LabLaw-\u2013-AI-radni-tokovi-i-agenti-u-advokatskoj-kancelariji-768x960.jpg 768w\" sizes=\"auto, (max-width: 800px) 100vw, 800px\" \/><\/figure>\n\n\n\n<p class=\"wp-block-paragraph\">Preuzeto sa: <a href=\"https:\/\/icbl.ba\/2026\/08\/24\/ai-lablaw-ai-radni-tokovi-i-agenti-u-advokatskoj-kancelariji\" target=\"_blank\" rel=\"noopener\">icbl.ba<\/a><\/p>\n","protected":false},"excerpt":{"rendered":"<p>Kako vje\u0161ta\u010dka inteligencija prelazi iz faze pojedina\u010dnog alata u sistem koji mo\u017ee podr\u017eati svakodnevne procese u advokatskoj kancelariji? Pridru\u017eite nam<\/p>\n","protected":false},"author":1,"featured_media":53647,"comment_status":"closed","ping_status":"open","sticky":false,"template":"","format":"standard","meta":{"om_disable_all_campaigns":false,"_monsterinsights_skip_tracking":false,"footnotes":""},"categories":[4],"tags":[15619,14823,10837,15617],"class_list":["post-53656","post","type-post","status-publish","format-standard","has-post-thumbnail","hentry","category-edukacija","tag-advokatska-kancelarija","tag-agenti","tag-ai","tag-ai-lablaw"],"amp_enabled":true,"jetpack_featured_media_url":"https:\/\/www.mladibl.com\/wp-content\/uploads\/2026\/09\/AI-LabLaw-\u2013-AI-radni-tokovi-i-agenti-u-advokatskoj-kancelariji.jpg","_links":{"self":[{"href":"https:\/\/www.mladibl.com\/index.php?rest_route=\/wp\/v2\/posts\/53656","targetHints":{"allow":["GET"]}}],"collection":[{"href":"https:\/\/www.mladibl.com\/index.php?rest_route=\/wp\/v2\/posts"}],"about":[{"href":"https:\/\/www.mladibl.com\/index.php?rest_route=\/wp\/v2\/types\/post"}],"author":[{"embeddable":true,"href":"https:\/\/www.mladibl.com\/index.php?rest_route=\/wp\/v2\/users\/1"}],"replies":[{"embeddable":true,"href":"https:\/\/www.mladibl.com\/index.php?rest_route=%2Fwp%2Fv2%2Fcomments&post=53656"}],"version-history":[{"count":1,"href":"https:\/\/www.mladibl.com\/index.php?rest_route=\/wp\/v2\/posts\/53656\/revisions"}],"predecessor-version":[{"id":53657,"href":"https:\/\/www.mladibl.com\/index.php?rest_route=\/wp\/v2\/posts\/53656\/revisions\/53657"}],"wp:featuredmedia":[{"embeddable":true,"href":"https:\/\/www.mladibl.com\/index.php?rest_route=\/wp\/v2\/media\/53647"}],"wp:attachment":[{"href":"https:\/\/www.mladibl.com\/index.php?rest_route=%2Fwp%2Fv2%2Fmedia&parent=53656"}],"wp:term":[{"taxonomy":"category","embeddable":true,"href":"https:\/\/www.mladibl.com\/index.php?rest_route=%2Fwp%2Fv2%2Fcategories&post=53656"},{"taxonomy":"post_tag","embeddable":true,"href":"https:\/\/www.mladibl.com\/index.php?rest_route=%2Fwp%2Fv2%2Ftags&post=53656"}],"curies":[{"name":"wp","href":"https:\/\/api.w.org\/{rel}","templated":true}]}}