{"id":53654,"date":"2026-09-02T11:58:33","date_gmt":"2026-09-02T09:58:33","guid":{"rendered":"https:\/\/www.mladibl.com\/?p=53654"},"modified":"2026-09-02T11:58:42","modified_gmt":"2026-09-02T09:58:42","slug":"cevap-fest-od-danas-u-parku-mladen-stojanovic","status":"publish","type":"post","link":"https:\/\/www.mladibl.com\/?p=53654","title":{"rendered":"\u201e\u0106evap fest\u201c od danas u Parku \u201eMladen Stojanovi\u0107\u201c"},"content":{"rendered":"\n<hr class=\"wp-block-separator has-alpha-channel-opacity\"\/>\n\n\n\n<p class=\"wp-block-paragraph\">Od danas, 1. septembra do 14. septembra, najbolje banjalu\u010dke \u0107evape mo\u0107i \u0107ete da degustirate u predivnom ambijentu Parka \u201eMladen Stojanovi\u0107\u201c.&nbsp;<\/p>\n\n\n\n<p class=\"wp-block-paragraph\">-Do\u0111ite da u\u017eivate u majstorstvu najboljih \u0107evap \u2013 majstora, prema receptu po kojem je na\u0161 grad prepoznatljiv \u0161irom regiona. U naredne dvije sedmice, provjerite \u0161ta su vam pripremile najbolje gradske \u0107evabd\u017eije. Ovaj put, imate priliku da isprobate najbolje \u0107evape iz \u201eMuje\u201c, \u201eBiljane\u201c, \u201eStarog recepta\u201c, \u201eMlina na Vrbanji\u201c, ali i novajalije na festivalu \u2013 \u201ePab In\u017eenjera\u201c \u2013 saop\u0161tili su organizatori i dodali da \u0107e danas ve\u0107 od 10.00 \u010dasova \u0106evap fest otvoriti vrata.<\/p>\n\n\n\n<p class=\"wp-block-paragraph\">Dodaju da svi meteorolozi, pa i za\u0161titno lice manifestacije, Neboj\u0161a Ku\u0161trinovi\u0107 \u2013 Ku\u0161tro, ka\u017eu da sunca ne\u0107e da manjka.<\/p>\n\n\n\n<p class=\"wp-block-paragraph\">-A, ukoliko i kojim slu\u010dajem omanu u prognozi, mi sigurno znamo da zabave i \u0107evapa sigurno ne\u0107e faliti \u2013 poru\u010duju organizatori.<\/p>\n\n\n\n<p class=\"wp-block-paragraph\">Preuzeto sa: <a href=\"https:\/\/www.banjaluka.rs.ba\/cevap-fest-od-danas-u-parku-mladen-stojanovic\/\" target=\"_blank\" rel=\"noopener\">banjaluka.rs.ba<\/a><\/p>\n","protected":false},"excerpt":{"rendered":"<p>Od danas, 1. septembra do 14. septembra, najbolje banjalu\u010dke \u0107evape mo\u0107i \u0107ete da degustirate u predivnom ambijentu Parka \u201eMladen Stojanovi\u0107\u201c.&nbsp;<\/p>\n","protected":false},"author":1,"featured_media":53648,"comment_status":"closed","ping_status":"open","sticky":false,"template":"","format":"standard","meta":{"om_disable_all_campaigns":false,"_monsterinsights_skip_tracking":false,"footnotes":""},"categories":[2],"tags":[9556,1317],"class_list":["post-53654","post","type-post","status-publish","format-standard","has-post-thumbnail","hentry","category-vijesti","tag-cevap-fest","tag-park-mladen-stojanovic"],"amp_enabled":true,"jetpack_featured_media_url":"https:\/\/www.mladibl.com\/wp-content\/uploads\/2026\/09\/cevap-fest.jpg","_links":{"self":[{"href":"https:\/\/www.mladibl.com\/index.php?rest_route=\/wp\/v2\/posts\/53654","targetHints":{"allow":["GET"]}}],"collection":[{"href":"https:\/\/www.mladibl.com\/index.php?rest_route=\/wp\/v2\/posts"}],"about":[{"href":"https:\/\/www.mladibl.com\/index.php?rest_route=\/wp\/v2\/types\/post"}],"author":[{"embeddable":true,"href":"https:\/\/www.mladibl.com\/index.php?rest_route=\/wp\/v2\/users\/1"}],"replies":[{"embeddable":true,"href":"https:\/\/www.mladibl.com\/index.php?rest_route=%2Fwp%2Fv2%2Fcomments&post=53654"}],"version-history":[{"count":1,"href":"https:\/\/www.mladibl.com\/index.php?rest_route=\/wp\/v2\/posts\/53654\/revisions"}],"predecessor-version":[{"id":53655,"href":"https:\/\/www.mladibl.com\/index.php?rest_route=\/wp\/v2\/posts\/53654\/revisions\/53655"}],"wp:featuredmedia":[{"embeddable":true,"href":"https:\/\/www.mladibl.com\/index.php?rest_route=\/wp\/v2\/media\/53648"}],"wp:attachment":[{"href":"https:\/\/www.mladibl.com\/index.php?rest_route=%2Fwp%2Fv2%2Fmedia&parent=53654"}],"wp:term":[{"taxonomy":"category","embeddable":true,"href":"https:\/\/www.mladibl.com\/index.php?rest_route=%2Fwp%2Fv2%2Fcategories&post=53654"},{"taxonomy":"post_tag","embeddable":true,"href":"https:\/\/www.mladibl.com\/index.php?rest_route=%2Fwp%2Fv2%2Ftags&post=53654"}],"curies":[{"name":"wp","href":"https:\/\/api.w.org\/{rel}","templated":true}]}}