{"id":5344,"date":"2021-01-05T10:43:27","date_gmt":"2021-01-05T08:43:27","guid":{"rendered":"http:\/\/www.mladibl.com\/?p=5344"},"modified":"2021-01-05T10:43:29","modified_gmt":"2021-01-05T08:43:29","slug":"javni-poziv-za-ucesce-u-projektu-starter-lab","status":"publish","type":"post","link":"https:\/\/www.mladibl.com\/?p=5344","title":{"rendered":"Javni poziv za u\u010de\u0161\u0107e u projektu STARTer LAB"},"content":{"rendered":"\n<p>Udru\u017eenje Motivator poziva sve zainteresirane mlade da se prijave za u\u010de\u0161\u0107e u projektu  STARTer LAB \u2013 inovativne obuke za sticanje prakti\u010dnih znanja i vje\u0161tina u  okviru programa mo\u017eete se prjaviti na tri razli\u010dita programa obuka.<\/p>\n\n\n\n<p><strong>WEB LAB<\/strong><\/p>\n\n\n\n<p>Oblast: Razvoj web stranica u CMS WordPress, Osnove grafi\u010dkog dizajna kroz Canva platformu i Osnove digitalnog marketinga na dru\u0161tvenim mre\u017eama<\/p>\n\n\n\n<p>Cilj projekta: Podr\u0161ka pove\u0107anju konkurentnosti mladih ljudi na tr\u017ei\u0161tu rada<\/p>\n\n\n\n<p>Trajanje treninga: Dvodnevni trening (dvije grupe)<\/p>\n\n\n\n<p>Ciljna grupa: Mladi ljudi sa podru\u010dja FBiH<\/p>\n\n\n\n<p>Datum odr\u017eavanja: 09-12.01.2021  obuke \u0107e se odr\u017eati online putem Zoom platforme<\/p>\n\n\n\n<p>Prijave slati najkasnije do 08.01.2021.godine  do 14 h popunjavanjem aplikacije putem linka:<strong><a rel=\"noreferrer noopener\" aria-label=\"https:\/\/forms.gle\/Y4CXq66bUp3EbMsJA (opens in a new tab)\" href=\"https:\/\/forms.gle\/Y4CXq66bUp3EbMsJA\" target=\"_blank\">https:\/\/forms.gle\/Y4CXq66bUp3EbMsJA<\/a><\/strong><\/p>\n\n\n\n<p><strong>PROJECT LAB<\/strong><\/p>\n\n\n\n<p>Oblast:  Osnovni elementi projektnog ciklusa razvoju projektne ideje, upravljanju projektima, upravljanju finansijama projekta, monitoring i evaluacija.<\/p>\n\n\n\n<p>Cilj projekta: Podr\u0161ka pove\u0107anju konkurentnosti mladih ljudi na tr\u017ei\u0161tu rada<\/p>\n\n\n\n<p>Trajanje treninga: Dvodnevni trening (dvije grupe)<\/p>\n\n\n\n<p>Ciljna grupa: Mladi ljudi sa podru\u010dja FBiH<\/p>\n\n\n\n<p>Datum odr\u017eavanja: 15-18.01.2021  obuke \u0107e se odr\u017eati online putem Zoom platforme<\/p>\n\n\n\n<p>Prijave slati najkasnije do 13.01.2021.godine  do 14 h popunjavanjem aplikacije putem linka:<strong><a href=\"https:\/\/forms.gle\/yoG5dQJmJAnA9WSP8\" target=\"_blank\" rel=\"noreferrer noopener\" aria-label=\"https:\/\/forms.gle\/yoG5dQJmJAnA9WSP8 (opens in a new tab)\">https:\/\/forms.gle\/yoG5dQJmJAnA9WSP8<\/a><\/strong><\/p>\n\n\n\n<p><strong>BUSSINES LAB <\/strong><\/p>\n\n\n\n<p>Oblast:  Kreiranje biznis plana, na\u010dinima finasiranja poslovnih ideja te vo\u0111enju malog biznisa u smislu zakonskih obaveza.<\/p>\n\n\n\n<p>Cilj projekta: Podr\u0161ka pove\u0107anju konkurentnosti mladih ljudi na tr\u017ei\u0161tu rada<\/p>\n\n\n\n<p>Trajanje treninga: Dvodnevni trening (dvije grupe)<\/p>\n\n\n\n<p>Ciljna grupa: Mladi ljudi sa podru\u010dja FBiH<\/p>\n\n\n\n<p>Datum odr\u017eavanja: 22-25.01.2021  obuke \u0107e se odr\u017eati online putem Zoom platforme<\/p>\n\n\n\n<p>Prijave slati najkasnije do 20.01.2021.godine  do 14 h popunjavanjem aplikacije putem linka:<strong><a href=\"https:\/\/forms.gle\/5KyKrTn1n17WNEyJ7\" target=\"_blank\" rel=\"noreferrer noopener\" aria-label=\"https:\/\/forms.gle\/5KyKrTn1n17WNEyJ7 (opens in a new tab)\">https:\/\/forms.gle\/5KyKrTn1n17WNEyJ7<\/a><\/strong><\/p>\n\n\n\n<p>Broj mjesta je ograni\u010den. Za dodatne informacije nas kontaktirajte na mail: <strong><a href=\"mailto:motivator.info@gmail.com\">motivator.info@gmail.com<\/a><\/strong><\/p>\n\n\n\n<figure class=\"wp-block-image\"><img loading=\"lazy\" decoding=\"async\" width=\"727\" height=\"1024\" src=\"http:\/\/www.mladibl.com\/wp-content\/uploads\/2021\/01\/Javni-poziv-za-u\u010de\u0161\u0107e-u-projektu-STARTer-LAB-727x1024.jpg\" alt=\"\" class=\"wp-image-5346\" srcset=\"https:\/\/www.mladibl.com\/wp-content\/uploads\/2021\/01\/Javni-poziv-za-u\u010de\u0161\u0107e-u-projektu-STARTer-LAB-727x1024.jpg 727w, https:\/\/www.mladibl.com\/wp-content\/uploads\/2021\/01\/Javni-poziv-za-u\u010de\u0161\u0107e-u-projektu-STARTer-LAB-213x300.jpg 213w, https:\/\/www.mladibl.com\/wp-content\/uploads\/2021\/01\/Javni-poziv-za-u\u010de\u0161\u0107e-u-projektu-STARTer-LAB-768x1082.jpg 768w, https:\/\/www.mladibl.com\/wp-content\/uploads\/2021\/01\/Javni-poziv-za-u\u010de\u0161\u0107e-u-projektu-STARTer-LAB.jpg 800w\" sizes=\"auto, (max-width: 727px) 100vw, 727px\" \/><\/figure>\n\n\n\n<p>Preuzeto sa: <a rel=\"noreferrer noopener\" aria-label=\"mreza-mira.net (opens in a new tab)\" href=\"https:\/\/www.mreza-mira.net\/vijesti\/seminari-treninzi\/javni-poziv-za-ucesce-u-projektu-starter-lab\/\" target=\"_blank\">mreza-mira.net<\/a><\/p>\n","protected":false},"excerpt":{"rendered":"<p>Udru\u017eenje Motivator poziva sve zainteresirane mlade da se prijave za u\u010de\u0161\u0107e u projektu STARTer LAB \u2013 inovativne obuke za sticanje<\/p>\n","protected":false},"author":1,"featured_media":5345,"comment_status":"closed","ping_status":"open","sticky":false,"template":"","format":"standard","meta":{"om_disable_all_campaigns":false,"_monsterinsights_skip_tracking":false,"_monsterinsights_sitenote_active":false,"_monsterinsights_sitenote_note":"","_monsterinsights_sitenote_category":0,"footnotes":""},"categories":[4],"tags":[2771,218,2772,888,2770,2768,1788,2769],"class_list":["post-5344","post","type-post","status-publish","format-standard","has-post-thumbnail","hentry","category-edukacija","tag-bussines-lab","tag-javni-poziv","tag-motivator","tag-projekat","tag-projekt-lab","tag-starter-lab","tag-ucesce","tag-web-lab"],"jetpack_featured_media_url":"https:\/\/www.mladibl.com\/wp-content\/uploads\/2021\/01\/Javni-poziv-za-u\u010de\u0161\u0107e-u-projektu-STARTer-LAB-2.jpg","amp_enabled":true,"_links":{"self":[{"href":"https:\/\/www.mladibl.com\/index.php?rest_route=\/wp\/v2\/posts\/5344","targetHints":{"allow":["GET"]}}],"collection":[{"href":"https:\/\/www.mladibl.com\/index.php?rest_route=\/wp\/v2\/posts"}],"about":[{"href":"https:\/\/www.mladibl.com\/index.php?rest_route=\/wp\/v2\/types\/post"}],"author":[{"embeddable":true,"href":"https:\/\/www.mladibl.com\/index.php?rest_route=\/wp\/v2\/users\/1"}],"replies":[{"embeddable":true,"href":"https:\/\/www.mladibl.com\/index.php?rest_route=%2Fwp%2Fv2%2Fcomments&post=5344"}],"version-history":[{"count":1,"href":"https:\/\/www.mladibl.com\/index.php?rest_route=\/wp\/v2\/posts\/5344\/revisions"}],"predecessor-version":[{"id":5347,"href":"https:\/\/www.mladibl.com\/index.php?rest_route=\/wp\/v2\/posts\/5344\/revisions\/5347"}],"wp:featuredmedia":[{"embeddable":true,"href":"https:\/\/www.mladibl.com\/index.php?rest_route=\/wp\/v2\/media\/5345"}],"wp:attachment":[{"href":"https:\/\/www.mladibl.com\/index.php?rest_route=%2Fwp%2Fv2%2Fmedia&parent=5344"}],"wp:term":[{"taxonomy":"category","embeddable":true,"href":"https:\/\/www.mladibl.com\/index.php?rest_route=%2Fwp%2Fv2%2Fcategories&post=5344"},{"taxonomy":"post_tag","embeddable":true,"href":"https:\/\/www.mladibl.com\/index.php?rest_route=%2Fwp%2Fv2%2Ftags&post=5344"}],"curies":[{"name":"wp","href":"https:\/\/api.w.org\/{rel}","templated":true}]}}