{"id":5284,"date":"2020-12-31T02:06:51","date_gmt":"2020-12-31T00:06:51","guid":{"rendered":"http:\/\/www.mladibl.com\/?p=5284"},"modified":"2020-12-31T02:06:53","modified_gmt":"2020-12-31T00:06:53","slug":"zavrsava-erasmus-ali-eu-zapocinje-novi-program","status":"publish","type":"post","link":"https:\/\/www.mladibl.com\/?p=5284","title":{"rendered":"Zavr\u0161ava Erasmus+, ali EU zapo\u010dinje novi program"},"content":{"rendered":"\n<p>Po\u010detkom decembra, ta\u010dnije 11.12.2020. godine, Evropska komisija je pozdravila politi\u010dki dogovor izme\u0111u EU parlamenta i \u010dlanica Evropske Unije o novom programu Erasmus Plus.<\/p>\n\n\n\n<p>Tijekom posljednje tri decenije, sudjelovanje u Erasmus + programu potaknulo je osobni, dru\u0161tveni i profesionalni razvoj preko 10 miliona mladih ljudi. Novo programsko razdoblje imat \u0107e skoro dvostruki bud\u017eet i trajat \u0107e od 2021. do 2027. godine.<\/p>\n\n\n\n<p>Erasmus + je prava uspje\u0161na pri\u010da i jedna od najuspje\u0161nijih inicijativa Evropske Unije. Od svog osnivanja 1987. godine, program se znatno pro\u0161irio. Obuhvata sve sektore obrazovanja i obuke, po\u010dev\u0161i od obrazovanja u ranom djetinjstvu, formalnog obrazovanja, pa sve do stru\u010dnog obrazovanja i osposobljavanja, visokog obrazovanja i obrazovanja odraslih. Pored obrazovanja program posebnu pa\u017enju posve\u0107uje politikama prema mladima, radu s mladima, volontiranju i promociji sporta.<\/p>\n\n\n\n<p>Novi dugoro\u010dni bud\u017eet EU i novi program Next Genration EU ne\u0107e biti samo sveobuhvatniji i inovativniji, ve\u0107 i vi\u0161e digitalan i posve\u0107en o\u010duvanju okoli\u0161a i odr\u017eivosti. Novim programom Evropska unija \u017eeli jo\u0161 vi\u0161e mobilizirati obrazovanje, treninge i obuke, mlade i promociju sporta. Nastavak programa posebno \u0107e podr\u017eati mlade i u\u010denike s umanjenim mogu\u0107nostima, ponuditi mogu\u0107nosti za suradnju, poticaj inovacijama te promovirati digitalne i \u201ezelene\u201c vje\u0161tine me\u0111u mladima.<\/p>\n\n\n\n<p>Mladima nudi mogu\u0107nosti mobilnosti u svrhu u\u010denja diljem Europe i izvan nje, a mladima i osobama koje rade s mladima mogu\u0107nosti razvijanja svojih interpersonalnih vje\u0161tina, kao i pove\u0107anje zapo\u0161ljivosti kroz razli\u010dite oblike suradnje, osposobljavanja i umre\u017eavanja unutar i izvan Evrope.<\/p>\n\n\n\n<p>Nakon usvajanja dugoro\u010dnog bud\u017eeta EU program \u0107e zapo\u010deti svoju provedbu. Trenutni Erasmus Plus program se zavr\u0161ava sa kalendarskom 2020. ali je u podru\u010dju mladih veliki broj projekta produ\u017een na narednu godinu zbog panedemije Covid-19.<\/p>\n\n\n\n<p>Vi\u0161e info <strong><a href=\"https:\/\/ec.europa.eu\/commission\/presscorner\/detail\/en\/IP_20_2317\" target=\"_blank\" rel=\"noreferrer noopener\" aria-label=\"https:\/\/ec.europa.eu\/commission\/presscorner\/detail\/en\/IP_20_2317 (opens in a new tab)\">https:\/\/ec.europa.eu\/commission\/presscorner\/detail\/en\/IP_20_2317<\/a><\/strong><\/p>\n\n\n\n<p>Preuzeto sa: <a href=\"http:\/\/mladi.org\/v2\/bs\/resursi\/riznica-znanja\/vijesti\/8699-zavrsava-erasmus-ali-eu-zapocinje-novi-program\" target=\"_blank\" rel=\"noreferrer noopener\" aria-label=\"mladi.org (opens in a new tab)\">mladi.org<\/a><\/p>\n","protected":false},"excerpt":{"rendered":"<p>Po\u010detkom decembra, ta\u010dnije 11.12.2020. godine, Evropska komisija je pozdravila politi\u010dki dogovor izme\u0111u EU parlamenta i \u010dlanica Evropske Unije o novom<\/p>\n","protected":false},"author":1,"featured_media":5285,"comment_status":"closed","ping_status":"open","sticky":false,"template":"","format":"standard","meta":{"om_disable_all_campaigns":false,"_monsterinsights_skip_tracking":false,"_monsterinsights_sitenote_active":false,"_monsterinsights_sitenote_note":"","_monsterinsights_sitenote_category":0,"footnotes":""},"categories":[370],"tags":[20,1061,33,2740],"class_list":["post-5284","post","type-post","status-publish","format-standard","has-post-thumbnail","hentry","category-ostalo","tag-erasmus","tag-evropska-unija","tag-mladi","tag-novi-program"],"jetpack_featured_media_url":"https:\/\/www.mladibl.com\/wp-content\/uploads\/2020\/12\/Zavr\u0161ava-Erasmus-ali-EU-zapo\u010dinje-novi-program.jpg","amp_enabled":true,"_links":{"self":[{"href":"https:\/\/www.mladibl.com\/index.php?rest_route=\/wp\/v2\/posts\/5284","targetHints":{"allow":["GET"]}}],"collection":[{"href":"https:\/\/www.mladibl.com\/index.php?rest_route=\/wp\/v2\/posts"}],"about":[{"href":"https:\/\/www.mladibl.com\/index.php?rest_route=\/wp\/v2\/types\/post"}],"author":[{"embeddable":true,"href":"https:\/\/www.mladibl.com\/index.php?rest_route=\/wp\/v2\/users\/1"}],"replies":[{"embeddable":true,"href":"https:\/\/www.mladibl.com\/index.php?rest_route=%2Fwp%2Fv2%2Fcomments&post=5284"}],"version-history":[{"count":1,"href":"https:\/\/www.mladibl.com\/index.php?rest_route=\/wp\/v2\/posts\/5284\/revisions"}],"predecessor-version":[{"id":5286,"href":"https:\/\/www.mladibl.com\/index.php?rest_route=\/wp\/v2\/posts\/5284\/revisions\/5286"}],"wp:featuredmedia":[{"embeddable":true,"href":"https:\/\/www.mladibl.com\/index.php?rest_route=\/wp\/v2\/media\/5285"}],"wp:attachment":[{"href":"https:\/\/www.mladibl.com\/index.php?rest_route=%2Fwp%2Fv2%2Fmedia&parent=5284"}],"wp:term":[{"taxonomy":"category","embeddable":true,"href":"https:\/\/www.mladibl.com\/index.php?rest_route=%2Fwp%2Fv2%2Fcategories&post=5284"},{"taxonomy":"post_tag","embeddable":true,"href":"https:\/\/www.mladibl.com\/index.php?rest_route=%2Fwp%2Fv2%2Ftags&post=5284"}],"curies":[{"name":"wp","href":"https:\/\/api.w.org\/{rel}","templated":true}]}}