{"id":5276,"date":"2020-12-31T01:50:23","date_gmt":"2020-12-30T23:50:23","guid":{"rendered":"http:\/\/www.mladibl.com\/?p=5276"},"modified":"2020-12-31T01:50:25","modified_gmt":"2020-12-30T23:50:25","slug":"otvoreno-prihvatiliste-za-djecu-i-mlade-u-domu-rada-vranjesevic","status":"publish","type":"post","link":"https:\/\/www.mladibl.com\/?p=5276","title":{"rendered":"Otvoreno prihvatili\u0161te za djecu i mlade u Domu &#8220;Rada Vranje\u0161evi\u0107&#8221;"},"content":{"rendered":"\n<p>Prihvatili\u0161te za djecu i mlade kojima je neophodan hitan kratkoro\u010dni smje\u0161taj otvoreno je danas u Domu za djecu i omladinu bez roditeljskog staranja &#8220;Rada Vranje\u0161evi\u0107&#8221;.<\/p>\n\n\n\n<p>&#8220;Ovo je nova usluga u Domu &#8216;Rada Vranje\u0161evi\u0107&#8217; u sistemu socijalne, porodi\u010dne i dje\u010dje za\u0161tite, namijenjena za djecu koja su \u017ertve porodi\u010dnog nasilja ili se na\u0111u u skitnji, ali i drugim oblicima zanemarivanja&#8221;, rekao je Vladimir Kajkut, direktor Doma &#8220;Rada Vranje\u0161evi\u0107&#8221;.<\/p>\n\n\n\n<p>Prema njegovim rije\u010dima, trenutno imaju kapacitet za smje\u0161taj sedam korisnika, ali \u0107e ga vremenom pro\u0161irivati ako bude postojala potreba za tim.<\/p>\n\n\n\n<p>&#8220;Predvi\u0111eno je da djeca i mladi u prihvatili\u0161te mogu da budu smje\u0161teni nekoliko dana, a najdu\u017ee do mjesec. Prostor je multifunkcionalan i mo\u0107i \u0107e da se koristi i za druge usluge, predvi\u0111ene planom transformacije Doma, kao \u0161to je dnevni centar za djecu s pote\u0161ko\u0107ama u razvoju&#8221;, rekao je Kajkut.<\/p>\n\n\n\n<p>Usluga prihvatili\u0161ta za djecu u skitnji je planirana po ugledu na Centar za za\u0161titu odoj\u010dadi, djece i omladine &#8220;Zve\u010danska&#8221; iz Beograda.<\/p>\n\n\n\n<p>&#8220;Trenutno u Domu imamo 76 korisnika svih uzrasta. Iza nas je izazovan period koji je obilje\u017eila pandemija virusa korona, koji smo uspje\u0161no premostili, jer je samo jedan \u0161ti\u0107enik tokom ljeta bio zara\u017een virusom korona. Uspjeli smo da za\u0161titimo svoju djecu&#8221;, rekao je Kajkut.<\/p>\n\n\n\n<p>Vladimir Makari\u0107, vr\u0161ilac du\u017enosti pomo\u0107nika ministra zdravlja i socijalne za\u0161tite RS, istakao je zna\u010daj usluge prihvatili\u0161ta koja \u0107e zna\u010diti mnogo za Banjaluku, ali i za cijelu banjalu\u010dku regiju.<\/p>\n\n\n\n<p>&#8220;Ova usluga \u0107e imati veliki zna\u010daj, jer je jedina na ovom podru\u010dju, a pokazala se potreba za njom u sistemu socijalne za\u0161tite&#8221;, rekao je Makari\u0107.<\/p>\n\n\n\n<p>Krajem 2019. godine u sklopu Doma &#8220;Rada Vranje\u0161evi\u0107&#8221; otvoren je vrti\u0107 &#8220;Tratin\u010dica&#8221;, \u010diji je kapacitet 100 mjesta, i to 60 mali\u0161ana vrti\u0107kog i 40 jasli\u010dkog uzrasta.<\/p>\n\n\n\n<p>Plan transformacije Doma, osim prihvatili\u0161ta, savjetovali\u0161ta za porodice koje su u riziku od izdvajanja biolo\u0161ke djece i vrti\u0107a, obuhvata uvo\u0111enje jo\u0161 novih usluga socijalne za\u0161tite &#8211; resursnog centra, dnevnog centra &#8220;Rastimo zajedno&#8221;, usluge &#8220;Predah&#8221;, te porodi\u010dnog saradnika i stanovanja uz podr\u0161ku.<\/p>\n\n\n\n<p>Preuzeto sa: <a href=\"https:\/\/www.nezavisne.com\/novosti\/drustvo\/Otvoreno-prihvatiliste-za-djecu-i-mlade-u-Domu-Rada-Vranjesevic\/638876\" target=\"_blank\" rel=\"noreferrer noopener\" aria-label=\"nezavisne.com (opens in a new tab)\">nezavisne.com<\/a><\/p>\n","protected":false},"excerpt":{"rendered":"<p>Prihvatili\u0161te za djecu i mlade kojima je neophodan hitan kratkoro\u010dni smje\u0161taj otvoreno je danas u Domu za djecu i omladinu<\/p>\n","protected":false},"author":1,"featured_media":5277,"comment_status":"closed","ping_status":"open","sticky":false,"template":"","format":"standard","meta":{"om_disable_all_campaigns":false,"_monsterinsights_skip_tracking":false,"_monsterinsights_sitenote_active":false,"_monsterinsights_sitenote_note":"","_monsterinsights_sitenote_category":0,"footnotes":""},"categories":[2],"tags":[42,2735,33,2733,2734],"class_list":["post-5276","post","type-post","status-publish","format-standard","has-post-thumbnail","hentry","category-vijesti","tag-djeca","tag-dom-rada-vranjesevic","tag-mladi","tag-otvoreno","tag-prihvatiliste"],"jetpack_featured_media_url":"https:\/\/www.mladibl.com\/wp-content\/uploads\/2020\/12\/Otvoreno-prihvatili\u0161te-za-djecu-i-mlade-u-Domu-_Rada-Vranje\u0161evi\u0107_.jpg","amp_enabled":true,"_links":{"self":[{"href":"https:\/\/www.mladibl.com\/index.php?rest_route=\/wp\/v2\/posts\/5276","targetHints":{"allow":["GET"]}}],"collection":[{"href":"https:\/\/www.mladibl.com\/index.php?rest_route=\/wp\/v2\/posts"}],"about":[{"href":"https:\/\/www.mladibl.com\/index.php?rest_route=\/wp\/v2\/types\/post"}],"author":[{"embeddable":true,"href":"https:\/\/www.mladibl.com\/index.php?rest_route=\/wp\/v2\/users\/1"}],"replies":[{"embeddable":true,"href":"https:\/\/www.mladibl.com\/index.php?rest_route=%2Fwp%2Fv2%2Fcomments&post=5276"}],"version-history":[{"count":1,"href":"https:\/\/www.mladibl.com\/index.php?rest_route=\/wp\/v2\/posts\/5276\/revisions"}],"predecessor-version":[{"id":5278,"href":"https:\/\/www.mladibl.com\/index.php?rest_route=\/wp\/v2\/posts\/5276\/revisions\/5278"}],"wp:featuredmedia":[{"embeddable":true,"href":"https:\/\/www.mladibl.com\/index.php?rest_route=\/wp\/v2\/media\/5277"}],"wp:attachment":[{"href":"https:\/\/www.mladibl.com\/index.php?rest_route=%2Fwp%2Fv2%2Fmedia&parent=5276"}],"wp:term":[{"taxonomy":"category","embeddable":true,"href":"https:\/\/www.mladibl.com\/index.php?rest_route=%2Fwp%2Fv2%2Fcategories&post=5276"},{"taxonomy":"post_tag","embeddable":true,"href":"https:\/\/www.mladibl.com\/index.php?rest_route=%2Fwp%2Fv2%2Ftags&post=5276"}],"curies":[{"name":"wp","href":"https:\/\/api.w.org\/{rel}","templated":true}]}}