{"id":51774,"date":"2026-04-30T14:31:17","date_gmt":"2026-04-30T12:31:17","guid":{"rendered":"https:\/\/www.mladibl.com\/?p=51774"},"modified":"2026-04-30T14:31:23","modified_gmt":"2026-04-30T12:31:23","slug":"banj-bus-vozice-za-medunarodni-praznik-rada-kao-i-svaki-vikend-u-maju","status":"publish","type":"post","link":"https:\/\/www.mladibl.com\/?p=51774","title":{"rendered":"Banj bus vozi\u0107e za Me\u0111unarodni praznik rada, kao i svaki vikend u maju"},"content":{"rendered":"\n<hr class=\"wp-block-separator has-alpha-channel-opacity\"\/>\n\n\n\n<p>Na Me\u0111unarodni praznik rada \u2013 1. i 2. maja, ali i 3. maja saobra\u0107a\u0107e Banj bus na relaciji od Tvornice obu\u0107e \u201eBema\u201c do stanice u blizini spomenika na Banj brdu.<\/p>\n\n\n\n<p>Naime, tokom maja Banj bus \u0107e saobara\u0107ati danima vikendom po sljede\u0107em redu vo\u017enje:<\/p>\n\n\n\n<ul class=\"wp-block-list\">\n<li>polasci sa TO Bema: 9.00, 10.00, 11.00, 12.00, 13.00, 14.00, 15.00, 16.00, 17.00, 18.00 i 19.00 \u010dasova;<\/li>\n\n\n\n<li>polasci sa Spomenika: 9.30, 10.30, 11.30, 12.30, 13.30, 14.30, 15.30, 16.30, 17.30, 18.30 i 19.30 \u010dasova.<\/li>\n<\/ul>\n\n\n\n<p>Prevoz vr\u0161i \u201eAldemo turs\u201c d.o.o. Banja Luka panoramskim autobusom, koji je prilago\u0111en i licima sa invaliditetom.<\/p>\n\n\n\n<p>Cijena karte je 1 KM po putniku po polasku, bez obzira na stajali\u0161te gdje je putnik u\u0161ao, a za djecu uzrasta do 5 godina prevoz je besplatan (uz pratnju starije osobe).<\/p>\n\n\n\n<p>Tako\u0111e, u maju mjesecu Banj bus \u0107e saobra\u0107ati u dane vikenda.<\/p>\n\n\n\n<p>Preuzeto sa: <a href=\"https:\/\/www.banjaluka.rs.ba\/banj-bus-vozice-za-medjunarodni-praznik\/\" target=\"_blank\" rel=\"noreferrer noopener\">banjaluka.rs.ba<\/a><\/p>\n","protected":false},"excerpt":{"rendered":"<p>Na Me\u0111unarodni praznik rada \u2013 1. i 2. maja, ali i 3. maja saobra\u0107a\u0107e Banj bus na relaciji od Tvornice<\/p>\n","protected":false},"author":1,"featured_media":51771,"comment_status":"closed","ping_status":"open","sticky":false,"template":"","format":"standard","meta":{"om_disable_all_campaigns":false,"_monsterinsights_skip_tracking":false,"_monsterinsights_sitenote_active":false,"_monsterinsights_sitenote_note":"","_monsterinsights_sitenote_category":0,"footnotes":""},"categories":[2],"tags":[15251,1548,2915],"class_list":["post-51774","post","type-post","status-publish","format-standard","has-post-thumbnail","hentry","category-vijesti","tag-1-maj","tag-banj-bus","tag-red-voznje"],"jetpack_featured_media_url":"https:\/\/www.mladibl.com\/wp-content\/uploads\/2026\/04\/Banj-bus.jpg","amp_enabled":true,"_links":{"self":[{"href":"https:\/\/www.mladibl.com\/index.php?rest_route=\/wp\/v2\/posts\/51774","targetHints":{"allow":["GET"]}}],"collection":[{"href":"https:\/\/www.mladibl.com\/index.php?rest_route=\/wp\/v2\/posts"}],"about":[{"href":"https:\/\/www.mladibl.com\/index.php?rest_route=\/wp\/v2\/types\/post"}],"author":[{"embeddable":true,"href":"https:\/\/www.mladibl.com\/index.php?rest_route=\/wp\/v2\/users\/1"}],"replies":[{"embeddable":true,"href":"https:\/\/www.mladibl.com\/index.php?rest_route=%2Fwp%2Fv2%2Fcomments&post=51774"}],"version-history":[{"count":1,"href":"https:\/\/www.mladibl.com\/index.php?rest_route=\/wp\/v2\/posts\/51774\/revisions"}],"predecessor-version":[{"id":51775,"href":"https:\/\/www.mladibl.com\/index.php?rest_route=\/wp\/v2\/posts\/51774\/revisions\/51775"}],"wp:featuredmedia":[{"embeddable":true,"href":"https:\/\/www.mladibl.com\/index.php?rest_route=\/wp\/v2\/media\/51771"}],"wp:attachment":[{"href":"https:\/\/www.mladibl.com\/index.php?rest_route=%2Fwp%2Fv2%2Fmedia&parent=51774"}],"wp:term":[{"taxonomy":"category","embeddable":true,"href":"https:\/\/www.mladibl.com\/index.php?rest_route=%2Fwp%2Fv2%2Fcategories&post=51774"},{"taxonomy":"post_tag","embeddable":true,"href":"https:\/\/www.mladibl.com\/index.php?rest_route=%2Fwp%2Fv2%2Ftags&post=51774"}],"curies":[{"name":"wp","href":"https:\/\/api.w.org\/{rel}","templated":true}]}}