{"id":51715,"date":"2026-04-28T08:08:45","date_gmt":"2026-04-28T06:08:45","guid":{"rendered":"https:\/\/www.mladibl.com\/?p=51715"},"modified":"2026-04-28T08:08:52","modified_gmt":"2026-04-28T06:08:52","slug":"we-make-democracy-academy","status":"publish","type":"post","link":"https:\/\/www.mladibl.com\/?p=51715","title":{"rendered":"We Make Democracy \u2013 Academy"},"content":{"rendered":"\n<p>Otvoren je poziv za sve mlade iz Bosne i Hercegovine koji su zainteresovani da dijele iskustva sa drugim u\u010desnicima iz 9 zemalja Evrope. Razli\u010dita izdanja We Make Democracy projekta uspje\u0161no spajaju mlade ljude proteklih godina i donose nova znanja i kapacitete u lokalne zajednice, a ove godine ima\u0161 priliku da bude\u0161 dio nove generacije projekta <strong>\u201cWe Make Democracy \u2013 Academy\u201d<\/strong>.<\/p>\n\n\n\n<p>\u201eWe Make Democracy \u2013 Academy\u201c za cilj ima otvoriti okru\u017eenja za u\u010denje u kojima se mladi ljudi bave dru\u0161tvenim pitanjima, donose\u0107i razli\u010dite perspektive i istra\u017euju\u0107i kako demokratski procesi zapravo funkcioni\u0161u. Kroz <strong>6 modula <\/strong>u 2026. i 2027. godini, u\u010desnici istra\u017euju klju\u010dne dru\u0161tvene teme dok istovremeno razvijaju svoje vje\u0161tine kao facilitatori i treneri. Od samog po\u010detka, putovanje u\u010denja izgra\u0111eno je na u\u010denju kroz rad, u\u010denju s drugima i od drugih, razumijevanju iskustava i njihovom integriranju u vlastita iskustva i, kona\u010dno, primjeni onoga \u0161to nau\u010de u vlastitom kontekstu. U\u010desnici \u0107e oblikovati sadr\u017eaj na osnovu tema specifi\u010dnih za modul, bit \u0107e vo\u0111eni u dizajniranju vlastitih sesija i nau\u010diti kako facilitirati grupne procese.<\/p>\n\n\n\n<h1 class=\"wp-block-heading\">\u0160ta vas o\u010dekuje na ovom putu?<\/h1>\n\n\n\n<ul class=\"wp-block-list\">\n<li>Dvogodi\u0161nje me\u0111unarodno putovanje obuke trenera<\/li>\n\n\n\n<li>6 modula u\u017eivo koje vode partnerske organizacije \u0161irom Evrope<\/li>\n\n\n\n<li>27 u\u010desnika iz 9 zemalja<\/li>\n\n\n\n<li>Fokus na demokratiju, facilitaciju i neformalno u\u010denje<\/li>\n\n\n\n<li>Aktivno u\u010de\u0161\u0107e kroz sesije vo\u0111ene od strane vr\u0161njaka, grupe za refleksiju i kolaborativno u\u010denje<\/li>\n<\/ul>\n\n\n\n<p>Svi tro\u0161kovi putovanja, smje\u0161taja i hrane su pokriveni od strane organizatora, a tvoja je obaveza pridru\u017eivanje i aktivno u\u010de\u0161\u0107e u svim modulima.<\/p>\n\n\n\n<h1 class=\"wp-block-heading\">Mogu se prijaviti svi koji:<\/h1>\n\n\n\n<ul class=\"wp-block-list\">\n<li>imaju od 18 do 30 godina<\/li>\n\n\n\n<li>imaju prebivali\u0161te na teritoriji Bosne i Hercegovine<\/li>\n\n\n\n<li>imaju znanje i razumijevanje engleskog jezika<\/li>\n\n\n\n<li>mogu posvetiti svoje vrijeme da aktivno u\u010destvuju u aktivnostima projekta<\/li>\n<\/ul>\n\n\n\n<p>Molimo vas da se prijavite samo ako ste uzbu\u0111eni i realno sposobni da se posvetite cijelom putovanju.<\/p>\n\n\n\n<p>Link za prijavu: <a href=\"https:\/\/forms.gle\/dTL8yYuGh33R3hbC8\"><u>https:\/\/forms.gle\/dTL8yYuGh33R3hbC8<\/u><\/a>. <strong>Rok za prijavu je 29.04.2026. u 17 sati.<\/strong> Za sva dodatna pitanja mo\u017ee\u0161 na konkatirati na mail: <a href=\"mailto:ena.ndjecaze@yahoo.com\">ena.ndjecaze@yahoo.com<\/a><\/p>\n\n\n\n<p>Preuzeto sa: <a href=\"https:\/\/www.mreza-mira.net\/vijesti\/seminari-treninzi\/poziv-za-mlade-we-make-democracy-academy\/\" target=\"_blank\" rel=\"noreferrer noopener\">mreza-mira.net<\/a><\/p>\n","protected":false},"excerpt":{"rendered":"<p>Otvoren je poziv za sve mlade iz Bosne i Hercegovine koji su zainteresovani da dijele iskustva sa drugim u\u010desnicima iz<\/p>\n","protected":false},"author":1,"featured_media":51706,"comment_status":"closed","ping_status":"open","sticky":false,"template":"","format":"standard","meta":{"om_disable_all_campaigns":false,"_monsterinsights_skip_tracking":false,"_monsterinsights_sitenote_active":false,"_monsterinsights_sitenote_note":"","_monsterinsights_sitenote_category":0,"footnotes":""},"categories":[4],"tags":[33,11570],"class_list":["post-51715","post","type-post","status-publish","format-standard","has-post-thumbnail","hentry","category-edukacija","tag-mladi","tag-we-make-democracy"],"jetpack_featured_media_url":"https:\/\/www.mladibl.com\/wp-content\/uploads\/2026\/04\/We-Make-Democracy-\u2013-Academy.jpg","amp_enabled":true,"_links":{"self":[{"href":"https:\/\/www.mladibl.com\/index.php?rest_route=\/wp\/v2\/posts\/51715","targetHints":{"allow":["GET"]}}],"collection":[{"href":"https:\/\/www.mladibl.com\/index.php?rest_route=\/wp\/v2\/posts"}],"about":[{"href":"https:\/\/www.mladibl.com\/index.php?rest_route=\/wp\/v2\/types\/post"}],"author":[{"embeddable":true,"href":"https:\/\/www.mladibl.com\/index.php?rest_route=\/wp\/v2\/users\/1"}],"replies":[{"embeddable":true,"href":"https:\/\/www.mladibl.com\/index.php?rest_route=%2Fwp%2Fv2%2Fcomments&post=51715"}],"version-history":[{"count":1,"href":"https:\/\/www.mladibl.com\/index.php?rest_route=\/wp\/v2\/posts\/51715\/revisions"}],"predecessor-version":[{"id":51716,"href":"https:\/\/www.mladibl.com\/index.php?rest_route=\/wp\/v2\/posts\/51715\/revisions\/51716"}],"wp:featuredmedia":[{"embeddable":true,"href":"https:\/\/www.mladibl.com\/index.php?rest_route=\/wp\/v2\/media\/51706"}],"wp:attachment":[{"href":"https:\/\/www.mladibl.com\/index.php?rest_route=%2Fwp%2Fv2%2Fmedia&parent=51715"}],"wp:term":[{"taxonomy":"category","embeddable":true,"href":"https:\/\/www.mladibl.com\/index.php?rest_route=%2Fwp%2Fv2%2Fcategories&post=51715"},{"taxonomy":"post_tag","embeddable":true,"href":"https:\/\/www.mladibl.com\/index.php?rest_route=%2Fwp%2Fv2%2Ftags&post=51715"}],"curies":[{"name":"wp","href":"https:\/\/api.w.org\/{rel}","templated":true}]}}