{"id":51682,"date":"2026-04-27T12:07:25","date_gmt":"2026-04-27T10:07:25","guid":{"rendered":"https:\/\/www.mladibl.com\/?p=51682"},"modified":"2026-04-27T12:07:33","modified_gmt":"2026-04-27T10:07:33","slug":"cetvrtak-u-banskom-dvoru-koncert-kamernog-hora-prepodobnomucenik-dakon-avakum","status":"publish","type":"post","link":"https:\/\/www.mladibl.com\/?p=51682","title":{"rendered":"\u010cetvrtak u Banskom dvoru: Koncert kamernog hora \u201ePrepodobnomu\u010denik \u0111akon Avakum\u201d"},"content":{"rendered":"\n<hr class=\"wp-block-separator has-alpha-channel-opacity\"\/>\n\n\n\n<p>U koncertnoj dvorani Kulturnog centra banski dvor u \u010detvrtak, 30. aprila sa po\u010detkom u 20.00 \u010dasova bi\u0107e odr\u017ean koncert Kamernog hora \u201ePrepodobnomu\u010denik \u0111akon Avakum\u201d.<\/p>\n\n\n\n<p>-Ovaj mladi, ali umjetni\u010dki izuzetno profilisan ansambl, osnovan 2023. godine, djeluje pod vo\u0111stvom kompozitora i dirigenta Sergeja Vanjina, okupljaju\u0107i muzi\u010dare posve\u0107ene vrhunskom horskom izrazu i njegovanju duhovne i kulturne ba\u0161tine. Hor s ponosom nosi ime Prepodobnomu\u010denika \u0111akona Avakuma, simbola nepokolebljive vjere, moralne \u010distote i hrabrosti \u2014 \u010dija duhovna snaga i zavjetna misao i danas inspiri\u0161u umjetni\u010dku misiju ansambla \u2013 navedeno je u saop\u0161tenju.<\/p>\n\n\n\n<p>Dodaju kako repertoar hora gradi most izme\u0111u tradicije i savremenog izraza: od djela Stevana St. Mokranjca, Vlade Milo\u0161evi\u0107a i savremenih autora, preko autorskih kompozicija Sergeja Vanjina, do svjetske horske literature Baha, Mocarta, Elgara, kao i ruske duhovne muzike Rahmanjinova i \u010cesnokova.<\/p>\n\n\n\n<p>-U vremenu kada ti\u0161ina postaje rijetka, a istinska ljepota sve potrebnija, ovaj koncert donosi prostor sabranosti, snage i \u010distote ljudskog glasa \u2013 isti\u010du iz Banskog dvora.<\/p>\n\n\n\n<p>Besplatne pozivnice preuzmite na biletarnici.<\/p>\n\n\n\n<p>Preuzeto sa: <a href=\"https:\/\/www.banjaluka.rs.ba\/cetvrtak-u-banskom-dvoru-koncert-kame\/\" target=\"_blank\" rel=\"noreferrer noopener\">banjaluka.rs.ba<\/a><\/p>\n","protected":false},"excerpt":{"rendered":"<p>U koncertnoj dvorani Kulturnog centra banski dvor u \u010detvrtak, 30. aprila sa po\u010detkom u 20.00 \u010dasova bi\u0107e odr\u017ean koncert Kamernog<\/p>\n","protected":false},"author":1,"featured_media":51676,"comment_status":"closed","ping_status":"open","sticky":false,"template":"","format":"standard","meta":{"om_disable_all_campaigns":false,"_monsterinsights_skip_tracking":false,"_monsterinsights_sitenote_active":false,"_monsterinsights_sitenote_note":"","_monsterinsights_sitenote_category":0,"footnotes":""},"categories":[2],"tags":[10105,3536,15236],"class_list":["post-51682","post","type-post","status-publish","format-standard","has-post-thumbnail","hentry","category-vijesti","tag-kamerni-hor","tag-koncert","tag-prepodobnomucenik-dakon-avakum"],"jetpack_featured_media_url":"https:\/\/www.mladibl.com\/wp-content\/uploads\/2026\/04\/Cetvrtak-u-Banskom-dvoru_-Koncert-kamernog-hora-\u201ePrepodobnomucenik-dakon-Avakum.jpg","amp_enabled":true,"_links":{"self":[{"href":"https:\/\/www.mladibl.com\/index.php?rest_route=\/wp\/v2\/posts\/51682","targetHints":{"allow":["GET"]}}],"collection":[{"href":"https:\/\/www.mladibl.com\/index.php?rest_route=\/wp\/v2\/posts"}],"about":[{"href":"https:\/\/www.mladibl.com\/index.php?rest_route=\/wp\/v2\/types\/post"}],"author":[{"embeddable":true,"href":"https:\/\/www.mladibl.com\/index.php?rest_route=\/wp\/v2\/users\/1"}],"replies":[{"embeddable":true,"href":"https:\/\/www.mladibl.com\/index.php?rest_route=%2Fwp%2Fv2%2Fcomments&post=51682"}],"version-history":[{"count":1,"href":"https:\/\/www.mladibl.com\/index.php?rest_route=\/wp\/v2\/posts\/51682\/revisions"}],"predecessor-version":[{"id":51683,"href":"https:\/\/www.mladibl.com\/index.php?rest_route=\/wp\/v2\/posts\/51682\/revisions\/51683"}],"wp:featuredmedia":[{"embeddable":true,"href":"https:\/\/www.mladibl.com\/index.php?rest_route=\/wp\/v2\/media\/51676"}],"wp:attachment":[{"href":"https:\/\/www.mladibl.com\/index.php?rest_route=%2Fwp%2Fv2%2Fmedia&parent=51682"}],"wp:term":[{"taxonomy":"category","embeddable":true,"href":"https:\/\/www.mladibl.com\/index.php?rest_route=%2Fwp%2Fv2%2Fcategories&post=51682"},{"taxonomy":"post_tag","embeddable":true,"href":"https:\/\/www.mladibl.com\/index.php?rest_route=%2Fwp%2Fv2%2Ftags&post=51682"}],"curies":[{"name":"wp","href":"https:\/\/api.w.org\/{rel}","templated":true}]}}