{"id":51680,"date":"2026-04-27T12:06:08","date_gmt":"2026-04-27T10:06:08","guid":{"rendered":"https:\/\/www.mladibl.com\/?p=51680"},"modified":"2026-04-27T12:06:15","modified_gmt":"2026-04-27T10:06:15","slug":"banjaluka-uskoro-u-znaku-matura-evo-kada-izlaze-maturanti","status":"publish","type":"post","link":"https:\/\/www.mladibl.com\/?p=51680","title":{"rendered":"Banjaluka uskoro u znaku matura: Evo kada izlaze maturanti"},"content":{"rendered":"\n<p><a href=\"https:\/\/www.nezavisne.com\/autor\/Dijana-Petrusic\/110\"><\/a>Sezona maturskih ve\u010deri u Banjaluci po\u010dinje 8. maja, kada \u0107e gradske ulice ponovo o\u017eivjeti u znaku mladosti i slavlja, a sve\u010dane kolone maturanata, dotjeranih i raspolo\u017eenih, pro\u0107i \u0107e gradom u simboli\u010dnom opro\u0161taju od \u0161kolskih klupa i ulasku u novo \u017eivotno poglavlje.<\/p>\n\n\n\n<p>Ove godine sezonu matura otvaraju maturanti Medrese &#8220;Reis Ibrahim-ef Maglajli\u0107&#8221; Banjaluka, koji maturu proslavljaju 8. maja.<\/p>\n\n\n\n<h2 class=\"wp-block-heading\">Tradicija u centru grada<\/h2>\n\n\n\n<p>Okupljanje maturanata je tradicionalno u centru grada, a sve\u010danim defileom kroz centar dolaze do mjesta proslave mature, s tim da su ove godine, kao i prethodne, zahvaljuju\u0107i Gradu Banjaluci, sve maturske proslave besplatne.<\/p>\n\n\n\n<h2 class=\"wp-block-heading\">U nastavku donosimo spisak matura:<\/h2>\n\n\n\n<p>Medicinska \u0161kola, 19. maja, na Trgu Krajine, u 19 \u010dasova, proslava u hotelu &#8220;Bosna&#8221;;<\/p>\n\n\n\n<p>Tehni\u010dka \u0161kola, 31. maja, s okupljanjem u 19 \u010dasova, proslava u hotelu &#8220;Bosna&#8221;;<\/p>\n\n\n\n<p>Srednjo\u0161kolski centar &#8220;Gaudeamus&#8221;, 27. maja, sa okupljanjem u 19 \u010dasova, a nakon okupljanja odr\u017ea\u0107e se proslava u hotelu &#8220;Bosna&#8221;<\/p>\n\n\n\n<p>Gra\u0111evinska \u0161kola i Politehni\u010dka \u0161kola 27. maja, na Trgu Krajine, s okupljanjem u 19 \u010dasova i proslavom u hotelu &#8220;Bosna&#8221;,<\/p>\n\n\n\n<p>Gimnazija, 25. maja, u parku &#8220;Petar Ko\u010di\u0107&#8221; u 18.15, poslije \u010dega je maturska zabava u Banskom dvoru;<\/p>\n\n\n\n<p>Elektrotehni\u010dka \u0161kola, 20. maja, na Trgu Krajine, u 19 \u010dasova, proslava u hotelu &#8220;Bosna&#8221;;<\/p>\n\n\n\n<p>Katoli\u010dki \u0161kolski centar, 21. maja, u parku &#8220;Petar Ko\u010di\u0107&#8221; u 19 \u010dasova, nakon \u010dega \u0107e proslaviti u hotelu &#8220;Courtyard by Marriott&#8221;;<\/p>\n\n\n\n<p>Ekonomska \u0161kola 26. maja, sa okupljanjem u 19 \u010dasova i proslavom u hotelu &#8220;Bosna&#8221;;<\/p>\n\n\n\n<p>Muzi\u010dka \u0161kola &#8220;Vlado Milo\u0161evi\u0107&#8221;, 23. maja, u 19 \u010dasova na Trgu Krajine, a potom je proslava u kafi\u0107u &#8220;Trezor&#8221;;<\/p>\n\n\n\n<p>Tehnolo\u0161ka \u0161kola 24. maja, sa okupljanjem na Trgu Krajine u 19 \u010dasova i proslavom u hotelu &#8220;Bosna&#8221;<\/p>\n\n\n\n<p>Srednjo\u0161kolski centar &#8220;Gemit-Apeiron&#8221;, 27. maja, s okupljanjem u parku &#8220;Petar Ko\u010di\u0107&#8221; u 19 \u010dasova, dok je proslava u hotelu &#8220;Bosna&#8221;;<\/p>\n\n\n\n<p>Ugostiteljsko-trgovinsko-turisti\u010dka \u0161kola, 21. maja, s okupljanjem u 19 \u010dasova i proslavom u hotelu &#8220;Bosna&#8221;;<\/p>\n\n\n\n<p>Poljoprivredna \u0161kola 21. maja, s okupljanjem u 19 \u010dasova i proslavom u hotelu &#8220;Bosna&#8221;;<\/p>\n\n\n\n<p>Srednja \u0161kola unutra\u0161njih poslova 29. maja, s okupljanjem u 19 \u010dasova,<\/p>\n\n\n\n<p>Centar &#8220;Za\u0161titi me&#8221;, 4. juna, u 19 \u010dasova i proslavom u prostorijama Centra.<\/p>\n\n\n\n<p>Grad Banjaluka obezbijedio je vau\u010dere u iznosu od po 100 KM za sve maturante srednjih \u0161kola, kako bi im olak\u0161ao tro\u0161kove proslave mature i pru\u017eio podr\u0161ku na kraju jednog va\u017enog \u017eivotnog poglavlja.<\/p>\n\n\n\n<p>Preuzeto sa: <a href=\"https:\/\/www.nezavisne.com\/novosti\/banjaluka\/mature-banjaluka-2026-raspored\/962247\" target=\"_blank\" rel=\"noreferrer noopener\">nezavisne.com<\/a><\/p>\n","protected":false},"excerpt":{"rendered":"<p>Sezona maturskih ve\u010deri u Banjaluci po\u010dinje 8. maja, kada \u0107e gradske ulice ponovo o\u017eivjeti u znaku mladosti i slavlja, a<\/p>\n","protected":false},"author":1,"featured_media":51677,"comment_status":"closed","ping_status":"open","sticky":false,"template":"","format":"standard","meta":{"om_disable_all_campaigns":false,"_monsterinsights_skip_tracking":false,"_monsterinsights_sitenote_active":false,"_monsterinsights_sitenote_note":"","_monsterinsights_sitenote_category":0,"footnotes":""},"categories":[2],"tags":[768,11312],"class_list":["post-51680","post","type-post","status-publish","format-standard","has-post-thumbnail","hentry","category-vijesti","tag-maturanti","tag-mature"],"jetpack_featured_media_url":"https:\/\/www.mladibl.com\/wp-content\/uploads\/2026\/04\/Banjaluka-uskoro-u-znaku-matura_-Evo-kada-izlaze-maturanti.jpg","amp_enabled":true,"_links":{"self":[{"href":"https:\/\/www.mladibl.com\/index.php?rest_route=\/wp\/v2\/posts\/51680","targetHints":{"allow":["GET"]}}],"collection":[{"href":"https:\/\/www.mladibl.com\/index.php?rest_route=\/wp\/v2\/posts"}],"about":[{"href":"https:\/\/www.mladibl.com\/index.php?rest_route=\/wp\/v2\/types\/post"}],"author":[{"embeddable":true,"href":"https:\/\/www.mladibl.com\/index.php?rest_route=\/wp\/v2\/users\/1"}],"replies":[{"embeddable":true,"href":"https:\/\/www.mladibl.com\/index.php?rest_route=%2Fwp%2Fv2%2Fcomments&post=51680"}],"version-history":[{"count":1,"href":"https:\/\/www.mladibl.com\/index.php?rest_route=\/wp\/v2\/posts\/51680\/revisions"}],"predecessor-version":[{"id":51681,"href":"https:\/\/www.mladibl.com\/index.php?rest_route=\/wp\/v2\/posts\/51680\/revisions\/51681"}],"wp:featuredmedia":[{"embeddable":true,"href":"https:\/\/www.mladibl.com\/index.php?rest_route=\/wp\/v2\/media\/51677"}],"wp:attachment":[{"href":"https:\/\/www.mladibl.com\/index.php?rest_route=%2Fwp%2Fv2%2Fmedia&parent=51680"}],"wp:term":[{"taxonomy":"category","embeddable":true,"href":"https:\/\/www.mladibl.com\/index.php?rest_route=%2Fwp%2Fv2%2Fcategories&post=51680"},{"taxonomy":"post_tag","embeddable":true,"href":"https:\/\/www.mladibl.com\/index.php?rest_route=%2Fwp%2Fv2%2Ftags&post=51680"}],"curies":[{"name":"wp","href":"https:\/\/api.w.org\/{rel}","templated":true}]}}