{"id":51668,"date":"2026-04-27T12:04:51","date_gmt":"2026-04-27T10:04:51","guid":{"rendered":"https:\/\/www.mladibl.com\/?p=51668"},"modified":"2026-04-27T12:04:59","modified_gmt":"2026-04-27T10:04:59","slug":"povodom-dana-grada-urucene-aprilske-nagrade-mladima","status":"publish","type":"post","link":"https:\/\/www.mladibl.com\/?p=51668","title":{"rendered":"Povodom Dana grada uru\u010dene aprilske nagrade mladima"},"content":{"rendered":"\n<hr class=\"wp-block-separator has-alpha-channel-opacity\"\/>\n\n\n\n<p>Povodom obilje\u017eavanja Dana grada, Grad Banja Luka nastavlja tradiciju podr\u0161ke mladima kroz dodjelu nagrada za njihova izuzetna dostignu\u0107a.<\/p>\n\n\n\n<p>Ova priznanja dodjeljuju se kao poseban vid zahvalnosti i podr\u0161ke, za zna\u010dajna ostvarenja u svim oblastima \u017eivota.<\/p>\n\n\n\n<p>Ovogodi\u0161nji dobitnici nagrade Grada Banja Luka \u2013 mladima su: Luka Ivi\u010di\u0107, Nik\u0161a Trivunovi\u0107, Katarina Niki\u0107, Milica Puhalo, Milica Sirovina, Ilija Ivanovi\u0107, Lazar Marjanac, Milo\u0161 Radakovi\u0107, Milica Stankovi\u0107, Matej Deket, Milana Raili\u0107, Ivana Bobi\u0107, Sara Malinovi\u0107, Filip Novakovi\u0107 i Nik\u0161a Petrovi\u0107.<\/p>\n\n\n\n<p>Nagrade su im uru\u010dene ju\u010de na sve\u010danosti organizovanoj u Ku\u0107i Milanovi\u0107a.<\/p>\n\n\n\n<p>-Ulaganje u mlade ostaje jedan od na\u0161ih prioriteta, jer su upravo oni snaga, ideja i pokreta\u010d budu\u0107eg razvoja na\u0161eg grada \u2013 poru\u010dila je gradski menad\u017eer Mirna Savi\u0107 \u2013 Banjac.<\/p>\n\n\n\n<p>Kako je navela \u2013 ponosni smo na sve nagra\u0111ene mlade ljude koji svojim radom, talentom i posve\u0107eno\u0161\u0107u doprinose da Banja Luka bude grad mogu\u0107nosti, napretka i uspjeha.<\/p>\n\n\n\n<p>-Moja li\u010dna \u017eelja je da mladi ostanu u na\u0161em gradu, u na\u0161oj Republici Srpskoj, zato kao dru\u0161tvo moramo \u010diniti sve da im stvorimo \u0161to bolje uslove za \u017eivot i da im pru\u017eimo poruku da smo ponosni na njihove rezultate \u2013 zaklju\u010dila je Savi\u0107 \u2013 Banjac.<\/p>\n\n\n\n<p>Preuzeto sa: <a href=\"https:\/\/www.banjaluka.rs.ba\/povodom-dana-grada-urucene-aprilske-nagrade-mladima\/\" target=\"_blank\" rel=\"noreferrer noopener\">banjaluka.rs.ba<\/a><\/p>\n","protected":false},"excerpt":{"rendered":"<p>Povodom obilje\u017eavanja Dana grada, Grad Banja Luka nastavlja tradiciju podr\u0161ke mladima kroz dodjelu nagrada za njihova izuzetna dostignu\u0107a. Ova priznanja<\/p>\n","protected":false},"author":1,"featured_media":51678,"comment_status":"closed","ping_status":"open","sticky":false,"template":"","format":"standard","meta":{"om_disable_all_campaigns":false,"_monsterinsights_skip_tracking":false,"_monsterinsights_sitenote_active":false,"_monsterinsights_sitenote_note":"","_monsterinsights_sitenote_category":0,"footnotes":""},"categories":[2],"tags":[278,279,33],"class_list":["post-51668","post","type-post","status-publish","format-standard","has-post-thumbnail","hentry","category-vijesti","tag-aprilske-nagrade","tag-dan-grada","tag-mladi"],"jetpack_featured_media_url":"https:\/\/www.mladibl.com\/wp-content\/uploads\/2026\/04\/Povodom-Dana-grada-urucene-aprilske-nagrade-mladima.jpg","amp_enabled":true,"_links":{"self":[{"href":"https:\/\/www.mladibl.com\/index.php?rest_route=\/wp\/v2\/posts\/51668","targetHints":{"allow":["GET"]}}],"collection":[{"href":"https:\/\/www.mladibl.com\/index.php?rest_route=\/wp\/v2\/posts"}],"about":[{"href":"https:\/\/www.mladibl.com\/index.php?rest_route=\/wp\/v2\/types\/post"}],"author":[{"embeddable":true,"href":"https:\/\/www.mladibl.com\/index.php?rest_route=\/wp\/v2\/users\/1"}],"replies":[{"embeddable":true,"href":"https:\/\/www.mladibl.com\/index.php?rest_route=%2Fwp%2Fv2%2Fcomments&post=51668"}],"version-history":[{"count":1,"href":"https:\/\/www.mladibl.com\/index.php?rest_route=\/wp\/v2\/posts\/51668\/revisions"}],"predecessor-version":[{"id":51679,"href":"https:\/\/www.mladibl.com\/index.php?rest_route=\/wp\/v2\/posts\/51668\/revisions\/51679"}],"wp:featuredmedia":[{"embeddable":true,"href":"https:\/\/www.mladibl.com\/index.php?rest_route=\/wp\/v2\/media\/51678"}],"wp:attachment":[{"href":"https:\/\/www.mladibl.com\/index.php?rest_route=%2Fwp%2Fv2%2Fmedia&parent=51668"}],"wp:term":[{"taxonomy":"category","embeddable":true,"href":"https:\/\/www.mladibl.com\/index.php?rest_route=%2Fwp%2Fv2%2Fcategories&post=51668"},{"taxonomy":"post_tag","embeddable":true,"href":"https:\/\/www.mladibl.com\/index.php?rest_route=%2Fwp%2Fv2%2Ftags&post=51668"}],"curies":[{"name":"wp","href":"https:\/\/api.w.org\/{rel}","templated":true}]}}