{"id":5125,"date":"2020-12-25T10:10:46","date_gmt":"2020-12-25T08:10:46","guid":{"rendered":"http:\/\/www.mladibl.com\/?p=5125"},"modified":"2020-12-25T10:10:48","modified_gmt":"2020-12-25T08:10:48","slug":"poruka-novog-gradonacelnika-vrata-gradske-uprave-bice-otvorena-za-sve","status":"publish","type":"post","link":"https:\/\/www.mladibl.com\/?p=5125","title":{"rendered":"Poruka novog gradona\u010delnika: Vrata Gradske uprave bi\u0107e otvorena za sve"},"content":{"rendered":"\n<p>Od danas, vrata Gradske uprave bi\u0107e otvorena za sve sugra\u0111ane bez razlike i ovo \u0107e biti najotvorenija Gradska uprava do sada, rekao je u svom prvom obra\u0107anju medijima novi gradona\u010delnik Banje Luke Dra\u0161ko Stanivukovi\u0107.<\/p>\n\n\n\n<p>Moja prva poruka Banjalu\u010danim jeste da vi\u0161e ni\u0161ta ne\u0107e biti isto. To je princip na kojem \u0107emo moji saradnici i ja raditi i od toga ne\u0107u odsutati dok god budem na funkciji gradona\u010delnika. 22 godine se \u010dekao ovaj trenutak, Banjalu\u010dani i svi gra\u0111ani Republike Srpske sanjaju ovaj momenat i sada je taj san postao realnost. Svakog dana \u0107emo sprovoditi odluke koje \u0107e sistemski mijenjati ovaj grad \u2013 poru\u010dio je gradona\u010delnik Stanivukovi\u0107.<\/p>\n\n\n\n<p>On je precizirao da otvorena vrata Gradske uprave zna\u010de i da se moraju otvoriti ladice koje su godinama bile zatvorene, te najavio novu sistematizaciju u Gradskoj upravi na osnovu koje \u0107e biti ostvarene zna\u010dajne u\u0161tede u gradskom bud\u017eetu.<\/p>\n\n\n\n<p>Nova sistematizacija podrazumijeva manji broj odjeljenja, manji broj savjetnika i slu\u017ebenih automobila. Na bazi ve\u0107 sada napravljenih u\u0161teda, to je 50.000 maraka mjese\u010dno, odnosno oko 2,5 miliona KM za jedan \u010detvorogodi\u0161nji mandat. Svaki ra\u010dun mora biti prikazan, a bi\u0107e tu i novi pravilnik o kori\u0161tenju slu\u017ebenih automobila. Tim za reviziju je spreman i bi\u0107e to dugotrajan proces, a ispita\u0107emo sve \u0161to mo\u017eemo. Taj proces me ne\u0107e usporavati kao gradona\u010delnika, revizija radi svoje, a mi gledamo u budu\u0107niost. Za one koji su kvalitetno i po\u0161teno radili, ne\u0107e biti problema \u2013 naglasio je Stanivukovi\u0107.<\/p>\n\n\n\n<p>Prvi \u010dovjek grada, predstavio je i u\u017ei tim saradnika koji \u0107e mu pomagati u obavljalju ove odgovorne du\u017enosti.<\/p>\n\n\n\n<p>\u0160ef Kabineta gradona\u010delnika bi\u0107e Vladimir Gruji\u0107, ma\u0161inski in\u017eenjer, sa dugim iskustvom u poslovnom svijetu. Tanja Vukomanovi\u0107, diplomirani novinar i nestrana\u010dka li\u010dnost, bi\u0107e \u0161ef Tima za komunikaciju. Savjetnik za ekonomska pitanja bi\u0107e Bojan Kresojevi\u0107, koji je, ujedno, najbolji student Ekononmskog fakulteta i master ekonomije, tako\u0111e nestrana\u010dka li\u010dnost. \u017deljko Travar, sa ogromnim iskustvom u javnoj upravi, bi\u0107e savjetnik za pravna pitanja \u2013 rekao je Stanivukovi\u0107.<\/p>\n\n\n\n<p>On je napomenuo da konkurs za najbli\u017ee saradnike u Kabinetu nije bio potreban, a da \u0107e za sva na\u010delni\u010dka mjesta biti raspisan konkurs kako bi se prijavili najbolji.<\/p>\n\n\n\n<p>Novi gradona\u010delnik Dra\u0161ko Stanivukovi\u0107, obavijestio je novinare da je primopredaja du\u017enosti sa dosda\u0161njim gradona\u010delnikom Igorom Radoji\u010di\u0107em obavljena na dostojanstven na\u010din kako je i obi\u010daj u modernim demokratrijama kojima te\u017eimo.<\/p>\n\n\n\n<p>Neke podatke nisam dobio, kao \u0161to je problem piralena u Incelu. Otvorili smo mnoga va\u017ena pitanja kao \u0161to su problem preduze\u0107a Akvana koja je u te\u0161kom polo\u017eaju. Ve\u0107 sutra \u0107emo organizovati hitne sastanke, jer je bazen pred kolapsom. Tako\u0111e, ve\u0107 smo stupili u kontakt sa javnim prevoznicima kako bismo probali u najkra\u0107em vremenu otkloniti postoje\u0107e probleme \u2013 zaklju\u010dio je Stanivukovi\u0107.<\/p>\n\n\n\n<p>Preuzeto sa: <a href=\"http:\/\/www.banjaluka.rs.ba\/poruka-novog-gradonacelnika\/\" target=\"_blank\" rel=\"noreferrer noopener\" aria-label=\"Grad Banja Luka (opens in a new tab)\">Grad Banja Luka<\/a><\/p>\n","protected":false},"excerpt":{"rendered":"<p>Od danas, vrata Gradske uprave bi\u0107e otvorena za sve sugra\u0111ane bez razlike i ovo \u0107e biti najotvorenija Gradska uprava do<\/p>\n","protected":false},"author":1,"featured_media":5126,"comment_status":"closed","ping_status":"open","sticky":false,"template":"","format":"standard","meta":{"om_disable_all_campaigns":false,"_monsterinsights_skip_tracking":false,"_monsterinsights_sitenote_active":false,"_monsterinsights_sitenote_note":"","_monsterinsights_sitenote_category":0,"footnotes":""},"categories":[2],"tags":[344,2634,2633],"class_list":["post-5125","post","type-post","status-publish","format-standard","has-post-thumbnail","hentry","category-vijesti","tag-gradska-uprava","tag-novi-gradonacelnik","tag-poruka"],"jetpack_featured_media_url":"https:\/\/www.mladibl.com\/wp-content\/uploads\/2020\/12\/Poruka-novog-gradona\u010delnika_-Vrata-Gradske-uprave-bi\u0107e-otvorena-za-sve.jpg","amp_enabled":true,"_links":{"self":[{"href":"https:\/\/www.mladibl.com\/index.php?rest_route=\/wp\/v2\/posts\/5125","targetHints":{"allow":["GET"]}}],"collection":[{"href":"https:\/\/www.mladibl.com\/index.php?rest_route=\/wp\/v2\/posts"}],"about":[{"href":"https:\/\/www.mladibl.com\/index.php?rest_route=\/wp\/v2\/types\/post"}],"author":[{"embeddable":true,"href":"https:\/\/www.mladibl.com\/index.php?rest_route=\/wp\/v2\/users\/1"}],"replies":[{"embeddable":true,"href":"https:\/\/www.mladibl.com\/index.php?rest_route=%2Fwp%2Fv2%2Fcomments&post=5125"}],"version-history":[{"count":1,"href":"https:\/\/www.mladibl.com\/index.php?rest_route=\/wp\/v2\/posts\/5125\/revisions"}],"predecessor-version":[{"id":5127,"href":"https:\/\/www.mladibl.com\/index.php?rest_route=\/wp\/v2\/posts\/5125\/revisions\/5127"}],"wp:featuredmedia":[{"embeddable":true,"href":"https:\/\/www.mladibl.com\/index.php?rest_route=\/wp\/v2\/media\/5126"}],"wp:attachment":[{"href":"https:\/\/www.mladibl.com\/index.php?rest_route=%2Fwp%2Fv2%2Fmedia&parent=5125"}],"wp:term":[{"taxonomy":"category","embeddable":true,"href":"https:\/\/www.mladibl.com\/index.php?rest_route=%2Fwp%2Fv2%2Fcategories&post=5125"},{"taxonomy":"post_tag","embeddable":true,"href":"https:\/\/www.mladibl.com\/index.php?rest_route=%2Fwp%2Fv2%2Ftags&post=5125"}],"curies":[{"name":"wp","href":"https:\/\/api.w.org\/{rel}","templated":true}]}}