{"id":5122,"date":"2020-12-24T13:04:04","date_gmt":"2020-12-24T11:04:04","guid":{"rendered":"http:\/\/www.mladibl.com\/?p=5122"},"modified":"2020-12-24T13:04:06","modified_gmt":"2020-12-24T11:04:06","slug":"stanivukovic-zvanicno-preuzeo-duznost-gradonacelnika","status":"publish","type":"post","link":"https:\/\/www.mladibl.com\/?p=5122","title":{"rendered":"Stanivukovi\u0107 zvani\u010dno preuzeo du\u017enost gradona\u010delnika"},"content":{"rendered":"\n<p>Novoizabrani gradona\u010delnik Banjaluke Dra\u0161ko Stanivukovi\u0107 jutros je zvani\u010dno preuzeo du\u017enost prvog \u010dovjeka grada na Vrbasu.<\/p>\n\n\n\n<p>Igor Radoji\u010di\u0107, dosada\u0161nji gradona\u010delnik Banjaluke, predao je du\u017enost svom nasljedniku Dra\u0161ku Stanivukovi\u0107u, nakon koje \u0107e Stanivukovi\u0107 naredne \u010detiri godine biti gradona\u010delnik ovog grada.<\/p>\n\n\n\n<p>Stanivukovi\u0107 je preuzeo ju\u010de u prostorijama CIK BiH u Sarajevu uvjerenje o dodjeli mandata.<\/p>\n\n\n\n<p>On je rekao da je spreman da sprovodi ciljeve i mjere, te svjestan da ga \u010dekaju brojni izazovi i da su o\u010dekivanja gra\u0111ana velika.<\/p>\n\n\n\n<p>Dra\u0161ko Stanivukovi\u0107 \u0107e se povodom preuzimanja du\u017enosti gradona\u010delnika Banjaluke, obratiti medijima u 12 \u010dasova.<\/p>\n\n\n\n<p>Stanivukovi\u0107 je prvog radnog dana na posao stigao autobusom javnog prevoza.<\/p>\n\n\n\n<p>Preuzeto sa: <a href=\"https:\/\/www.nezavisne.com\/novosti\/banjaluka\/Drasko-Stanivukovic-zvanicno-preuzeo-duznost-gradonacelnika\/638078\" target=\"_blank\" rel=\"noreferrer noopener\" aria-label=\"nezavisne.com (opens in a new tab)\">nezavisne.com<\/a><\/p>\n","protected":false},"excerpt":{"rendered":"<p>Novoizabrani gradona\u010delnik Banjaluke Dra\u0161ko Stanivukovi\u0107 jutros je zvani\u010dno preuzeo du\u017enost prvog \u010dovjeka grada na Vrbasu. Igor Radoji\u010di\u0107, dosada\u0161nji gradona\u010delnik Banjaluke,<\/p>\n","protected":false},"author":1,"featured_media":5123,"comment_status":"closed","ping_status":"open","sticky":false,"template":"","format":"standard","meta":{"om_disable_all_campaigns":false,"_monsterinsights_skip_tracking":false,"_monsterinsights_sitenote_active":false,"_monsterinsights_sitenote_note":"","_monsterinsights_sitenote_category":0,"footnotes":""},"categories":[2],"tags":[2631,27,1146],"class_list":["post-5122","post","type-post","status-publish","format-standard","has-post-thumbnail","hentry","category-vijesti","tag-drasko-stanivukovic","tag-grad-banja-luka","tag-gradonacelnik"],"jetpack_featured_media_url":"https:\/\/www.mladibl.com\/wp-content\/uploads\/2020\/12\/Stanivukovi\u0107-zvani\u010dno-preuzeo-du\u017enost-gradona\u010delnika.jpg","amp_enabled":true,"_links":{"self":[{"href":"https:\/\/www.mladibl.com\/index.php?rest_route=\/wp\/v2\/posts\/5122","targetHints":{"allow":["GET"]}}],"collection":[{"href":"https:\/\/www.mladibl.com\/index.php?rest_route=\/wp\/v2\/posts"}],"about":[{"href":"https:\/\/www.mladibl.com\/index.php?rest_route=\/wp\/v2\/types\/post"}],"author":[{"embeddable":true,"href":"https:\/\/www.mladibl.com\/index.php?rest_route=\/wp\/v2\/users\/1"}],"replies":[{"embeddable":true,"href":"https:\/\/www.mladibl.com\/index.php?rest_route=%2Fwp%2Fv2%2Fcomments&post=5122"}],"version-history":[{"count":1,"href":"https:\/\/www.mladibl.com\/index.php?rest_route=\/wp\/v2\/posts\/5122\/revisions"}],"predecessor-version":[{"id":5124,"href":"https:\/\/www.mladibl.com\/index.php?rest_route=\/wp\/v2\/posts\/5122\/revisions\/5124"}],"wp:featuredmedia":[{"embeddable":true,"href":"https:\/\/www.mladibl.com\/index.php?rest_route=\/wp\/v2\/media\/5123"}],"wp:attachment":[{"href":"https:\/\/www.mladibl.com\/index.php?rest_route=%2Fwp%2Fv2%2Fmedia&parent=5122"}],"wp:term":[{"taxonomy":"category","embeddable":true,"href":"https:\/\/www.mladibl.com\/index.php?rest_route=%2Fwp%2Fv2%2Fcategories&post=5122"},{"taxonomy":"post_tag","embeddable":true,"href":"https:\/\/www.mladibl.com\/index.php?rest_route=%2Fwp%2Fv2%2Ftags&post=5122"}],"curies":[{"name":"wp","href":"https:\/\/api.w.org\/{rel}","templated":true}]}}