{"id":5110,"date":"2020-12-24T11:18:41","date_gmt":"2020-12-24T09:18:41","guid":{"rendered":"http:\/\/www.mladibl.com\/?p=5110"},"modified":"2020-12-24T11:18:43","modified_gmt":"2020-12-24T09:18:43","slug":"treci-poziv-cbc-bih-crna-gora","status":"publish","type":"post","link":"https:\/\/www.mladibl.com\/?p=5110","title":{"rendered":"Tre\u0107i poziv CBC BiH-Crna Gora"},"content":{"rendered":"\n<p>\u200bU okviru Programa prekograni\u010dne saradnje BiH \u2013 Crna Gora 2014-2020 otvoren je Tre\u0107i poziv za dostavljanje projektnih prijedloga. Rok za dostavljanje koncept nota je 9. februar 2020. godine do 16:00 \u010dasova.<\/p>\n\n\n\n<p>Op\u0161ti cilj Poziva je podr\u0161ka odr\u017eivom razvoju u prekograni\u010dnom podru\u010dju izme\u0111u BiH i Crne Gore zajedni\u010dkim akcijama zasnovanim na efikasnom kori\u0161\u0107enju komparativnih prednosti programskog podru\u010dja.<\/p>\n\n\n\n<p>Poziv podr\u017eava dva specifi\u010dna cilja:<\/p>\n\n\n\n<ul class=\"wp-block-list\"><li>SC 1.1 Pobolj\u0161an pristup tr\u017ei\u0161tu rada i okru\u017eenju za stvaranje novih radnih mjesta (880 000 evra);<\/li><li>SC 2.2 Pobolj\u0161ana prevencija i upravljanje rizikom i ubla\u017eavanje i prilago\u0111avanje klimatskim promjenama (1 400 000 evra).<\/li><\/ul>\n\n\n\n<p>Ukupan bud\u017eet Poziva iznosi 2 280 000 evra.<\/p>\n\n\n\n<p>Vode\u0107i aplikanti moraju biti pravna i neprofitabilna lica osnovana u BiH ili Crnoj Gori.<\/p>\n\n\n\n<p>Detaljne informacije o Pozivu dostupne su <strong><a href=\"https:\/\/webgate.ec.europa.eu\/europeaid\/online-services\/index.cfm?ADSSChck=1608727860085&amp;do=publi.detPUB&amp;searchtype=QS&amp;orderby=upd&amp;orderbyad=Desc&amp;nbPubliList=15&amp;page=1&amp;aoref=170435%20\" target=\"_blank\" rel=\"noreferrer noopener\" aria-label=\"OVDJE (opens in a new tab)\">OVDJE<\/a><\/strong>.<\/p>\n\n\n\n<p>Cjelokupni programski cilj Programa prekograni\u010dne saradnje BiH \u2013 Crna Gora 2014-2020 je odr\u017eivi razvoj u prekograni\u010dnom podru\u010dju izme\u0111u BiH i Crne Gore kroz promociju i sprovo\u0111enje zajedni\u010dkih projekata, zasnovanih na efikasnom kori\u0161\u0107enju komparativnih prednosti programskog podru\u010dja.<\/p>\n\n\n\n<p>Preuzeto sa: <a href=\"https:\/\/vladars.net\/sr-SP-Cyrl\/Vlada\/Ministarstva\/meoi\/media\/Vijesti\/Pages\/%D0%A2%D1%80%D0%B5%D1%9B%D0%B8-%D0%BF%D0%BE%D0%B7%D0%B8%D0%B2-%D0%A6%D0%91%D0%A6-%D0%91%D0%B8%D0%A5-%D0%A6%D1%80%D0%BD%D0%B0-%D0%93%D0%BE%D1%80%D0%B0.aspx\" target=\"_blank\" rel=\"noreferrer noopener\" aria-label=\"Ministarstvo za evropske integracije i me\u0111unarodnu saradnju (opens in a new tab)\">Ministarstvo za evropske integracije i me\u0111unarodnu saradnju<\/a><\/p>\n","protected":false},"excerpt":{"rendered":"<p>\u200bU okviru Programa prekograni\u010dne saradnje BiH \u2013 Crna Gora 2014-2020 otvoren je Tre\u0107i poziv za dostavljanje projektnih prijedloga. Rok za<\/p>\n","protected":false},"author":1,"featured_media":5111,"comment_status":"closed","ping_status":"open","sticky":false,"template":"","format":"standard","meta":{"om_disable_all_campaigns":false,"_monsterinsights_skip_tracking":false,"_monsterinsights_sitenote_active":false,"_monsterinsights_sitenote_note":"","_monsterinsights_sitenote_category":0,"footnotes":""},"categories":[7],"tags":[512,2622,2623,491,608,526,2624,2621],"class_list":["post-5110","post","type-post","status-publish","format-standard","has-post-thumbnail","hentry","category-grantovi","tag-bih","tag-cbc","tag-crna-gora","tag-grantovi","tag-odrzivi-razvoj","tag-podrska","tag-prekogranicno-podrucje","tag-treci-poziv"],"jetpack_featured_media_url":"https:\/\/www.mladibl.com\/wp-content\/uploads\/2020\/12\/Tre\u0107i-poziv-CBC-BiH-Crna-Gora.jpg","amp_enabled":true,"_links":{"self":[{"href":"https:\/\/www.mladibl.com\/index.php?rest_route=\/wp\/v2\/posts\/5110","targetHints":{"allow":["GET"]}}],"collection":[{"href":"https:\/\/www.mladibl.com\/index.php?rest_route=\/wp\/v2\/posts"}],"about":[{"href":"https:\/\/www.mladibl.com\/index.php?rest_route=\/wp\/v2\/types\/post"}],"author":[{"embeddable":true,"href":"https:\/\/www.mladibl.com\/index.php?rest_route=\/wp\/v2\/users\/1"}],"replies":[{"embeddable":true,"href":"https:\/\/www.mladibl.com\/index.php?rest_route=%2Fwp%2Fv2%2Fcomments&post=5110"}],"version-history":[{"count":1,"href":"https:\/\/www.mladibl.com\/index.php?rest_route=\/wp\/v2\/posts\/5110\/revisions"}],"predecessor-version":[{"id":5112,"href":"https:\/\/www.mladibl.com\/index.php?rest_route=\/wp\/v2\/posts\/5110\/revisions\/5112"}],"wp:featuredmedia":[{"embeddable":true,"href":"https:\/\/www.mladibl.com\/index.php?rest_route=\/wp\/v2\/media\/5111"}],"wp:attachment":[{"href":"https:\/\/www.mladibl.com\/index.php?rest_route=%2Fwp%2Fv2%2Fmedia&parent=5110"}],"wp:term":[{"taxonomy":"category","embeddable":true,"href":"https:\/\/www.mladibl.com\/index.php?rest_route=%2Fwp%2Fv2%2Fcategories&post=5110"},{"taxonomy":"post_tag","embeddable":true,"href":"https:\/\/www.mladibl.com\/index.php?rest_route=%2Fwp%2Fv2%2Ftags&post=5110"}],"curies":[{"name":"wp","href":"https:\/\/api.w.org\/{rel}","templated":true}]}}