{"id":5099,"date":"2020-12-24T10:51:03","date_gmt":"2020-12-24T08:51:03","guid":{"rendered":"http:\/\/www.mladibl.com\/?p=5099"},"modified":"2020-12-24T10:51:05","modified_gmt":"2020-12-24T08:51:05","slug":"zanimaju-te-evropske-integracije-prijavi-se-za-radno-mjesto-u-banja-luci","status":"publish","type":"post","link":"https:\/\/www.mladibl.com\/?p=5099","title":{"rendered":"Zanimaju te evropske integracije? Prijavi se za radno mjesto u Banja Luci"},"content":{"rendered":"\n<p>Ukoliko imate do 2. godine radnog iskustva, mla\u0111i ste od 30.godina, a zainteresovani za proces evropskih integracija, mo\u017eete se prijaviti na ovo radno mjesto pripravnika koje je upravo otvoreno u na\u0161em EU kancelariji u Banja Luci.<\/p>\n\n\n\n<p>Rok za prijave je: 09.01.2021<\/p>\n\n\n\n<p>Vi\u0161e informacija: <strong><a href=\"http:\/\/europa.ba\/wp-content\/uploads\/2020\/12\/Vacancy_InternBL2020_advert.pdf\" target=\"_blank\" rel=\"noreferrer noopener\" aria-label=\"http:\/\/europa.ba\/wp-content\/uploads\/2020\/12\/Vacancy_InternBL2020_advert.pdf (opens in a new tab)\">http:\/\/europa.ba\/wp-content\/uploads\/2020\/12\/Vacancy_InternBL2020_advert.pdf<\/a><\/strong><\/p>\n\n\n\n<p>Preuzeto sa: <a href=\"https:\/\/www.hocu.ba\/indexphp\/hocupriliku\/zanimaju-te-evropske-integracije-prijavi-se-za-radno-mjesto-u-banja-luci\/\" target=\"_blank\" rel=\"noreferrer noopener\" aria-label=\"hocu.ba (opens in a new tab)\">hocu.ba<\/a><\/p>\n","protected":false},"excerpt":{"rendered":"<p>Ukoliko imate do 2. godine radnog iskustva, mla\u0111i ste od 30.godina, a zainteresovani za proces evropskih integracija, mo\u017eete se prijaviti<\/p>\n","protected":false},"author":1,"featured_media":5100,"comment_status":"closed","ping_status":"open","sticky":false,"template":"","format":"standard","meta":{"om_disable_all_campaigns":false,"_monsterinsights_skip_tracking":false,"_monsterinsights_sitenote_active":false,"_monsterinsights_sitenote_note":"","_monsterinsights_sitenote_category":0,"footnotes":""},"categories":[8],"tags":[222,119,118],"class_list":["post-5099","post","type-post","status-publish","format-standard","has-post-thumbnail","hentry","category-zaposljavanje","tag-evropske-integracije","tag-posao","tag-zaposljavanje"],"jetpack_featured_media_url":"https:\/\/www.mladibl.com\/wp-content\/uploads\/2020\/12\/Zanimaju-te-evropske-integracije_-Prijavi-se-za-radno-mjesto-u-Banja-Luci.jpg","amp_enabled":true,"_links":{"self":[{"href":"https:\/\/www.mladibl.com\/index.php?rest_route=\/wp\/v2\/posts\/5099","targetHints":{"allow":["GET"]}}],"collection":[{"href":"https:\/\/www.mladibl.com\/index.php?rest_route=\/wp\/v2\/posts"}],"about":[{"href":"https:\/\/www.mladibl.com\/index.php?rest_route=\/wp\/v2\/types\/post"}],"author":[{"embeddable":true,"href":"https:\/\/www.mladibl.com\/index.php?rest_route=\/wp\/v2\/users\/1"}],"replies":[{"embeddable":true,"href":"https:\/\/www.mladibl.com\/index.php?rest_route=%2Fwp%2Fv2%2Fcomments&post=5099"}],"version-history":[{"count":1,"href":"https:\/\/www.mladibl.com\/index.php?rest_route=\/wp\/v2\/posts\/5099\/revisions"}],"predecessor-version":[{"id":5101,"href":"https:\/\/www.mladibl.com\/index.php?rest_route=\/wp\/v2\/posts\/5099\/revisions\/5101"}],"wp:featuredmedia":[{"embeddable":true,"href":"https:\/\/www.mladibl.com\/index.php?rest_route=\/wp\/v2\/media\/5100"}],"wp:attachment":[{"href":"https:\/\/www.mladibl.com\/index.php?rest_route=%2Fwp%2Fv2%2Fmedia&parent=5099"}],"wp:term":[{"taxonomy":"category","embeddable":true,"href":"https:\/\/www.mladibl.com\/index.php?rest_route=%2Fwp%2Fv2%2Fcategories&post=5099"},{"taxonomy":"post_tag","embeddable":true,"href":"https:\/\/www.mladibl.com\/index.php?rest_route=%2Fwp%2Fv2%2Ftags&post=5099"}],"curies":[{"name":"wp","href":"https:\/\/api.w.org\/{rel}","templated":true}]}}