{"id":50950,"date":"2026-03-19T01:47:07","date_gmt":"2026-03-18T23:47:07","guid":{"rendered":"https:\/\/www.mladibl.com\/?p=50950"},"modified":"2026-03-19T01:47:15","modified_gmt":"2026-03-18T23:47:15","slug":"poznato-koji-banjalucani-su-kandidati-za-aprilske-nagrade-grada-banjaluka","status":"publish","type":"post","link":"https:\/\/www.mladibl.com\/?p=50950","title":{"rendered":"Poznato koji Banjalu\u010dani su kandidati za Aprilske nagrade grada Banjaluka"},"content":{"rendered":"\n<p>Dragoljub Davidovi\u0107, biv\u0161i gradona\u010delnik Banjaluke, kandidat je za nagradu Klju\u010d grada povodom Dana Grada Banjaluka, odlu\u010dila je danas Komisija za izbor i imenovanja.<\/p>\n\n\n\n<p>Princeza Jelisaveta Kara\u0111or\u0111evi\u0107, reditelj Sa\u0161a Hajdukovi\u0107 i Humanitarna organizacija \u201cSrbi za Srbe\u201d, predlo\u017eeni su za nagradu Zlatni grb.<\/p>\n\n\n\n<p>Komisija za izbor i imenovanje, saop\u0161tila je da su me\u0111u kandidatima i proslavljeni rukometa\u0161 i ljekar ortoped profesor dr Neboj\u0161a Popovi\u0107, onkolog dr Zdenka Gojkovi\u0107, sportski radnik Dra\u0161ko Ili\u0107 i protojerej stavrofor Emolaos Masaras, objavile su <a target=\"_blank\" href=\"https:\/\/www.nezavisne.com\/novosti\/banjaluka\/Poznato-koji-Banjalucani-ce-dobiti-Aprilsku-nagradu-grada-Banjaluka\/956153\" rel=\"noreferrer noopener\">Nezavisne novine.<\/a><\/p>\n\n\n\n<p>U naju\u017ei izbor za plaketu Grada u\u0161li su Ansambl \u201cLira\u201d, novinar i urednik Predrag \u0106urkovi\u0107, TV snimatelj Vladimir Simi\u0107, Ozren \u0110ur\u0111evi\u0107, Izvi\u0111a\u010dko diverzantski odred \u201cOrlovi Grme\u010da\u201d, direktor Osnovne \u0161kole \u201cJ.Jovanovi\u0107 Zmaj\u201d Dijana Bogdanovi\u0107 , glumac \u0110or\u0111e Markovi\u0107, Perica Ivanovi\u0107, ginekolog dr Ives \u0160indrak, knji\u017eevnik Tanja Stupar Trifunovi\u0107, Plesni klub \u201cBlok\u201d Jelena Stojakovi\u0107, Sr\u0111an Babi\u0107, Tomas Damjanovi\u0107, Maja Davidovi\u0107 i Kulturni centar Ku\u0107a Milanovi\u0107a.<\/p>\n\n\n\n<p>Za nagradu \u201ePlaketa sestra Gaji\u0107\u201c izglasani su direktor Fonda solidarnosti za lije\u010denje djece u inostranstvu \u201cDu\u0161a djece\u201d Jasminka Vu\u010dkovi\u0107, Zoran Gvozden istaknuti stomatolog i Udru\u017eenje roditelja djece oboljele od malignih bolesti \u201cIskra\u201d.<\/p>\n\n\n\n<p>Ovi prijedlozi usvojeni su na Komisiji za izbor i imenovanja, a <a target=\"_blank\" href=\"https:\/\/mondo.ba\/tag8104\/Skupstina-grada-Banjaluka\" rel=\"noreferrer noopener\">Skup\u0161tina grada Banjaluka<\/a> trebala bi o njima uskoro da odlu\u010duje.<\/p>\n\n\n\n<p>(Mondo)<\/p>\n\n\n\n<p>Preuzeto sa: <a href=\"https:\/\/mondo.ba\/Info\/Drustvo\/a1457369\/kandidati-za-aprilske-nagrade-grada-banjaluka.html\" target=\"_blank\" rel=\"noreferrer noopener\">mondo.ba<\/a><\/p>\n","protected":false},"excerpt":{"rendered":"<p>Dragoljub Davidovi\u0107, biv\u0161i gradona\u010delnik Banjaluke, kandidat je za nagradu Klju\u010d grada povodom Dana Grada Banjaluka, odlu\u010dila je danas Komisija za<\/p>\n","protected":false},"author":1,"featured_media":50959,"comment_status":"closed","ping_status":"open","sticky":false,"template":"","format":"standard","meta":{"om_disable_all_campaigns":false,"_monsterinsights_skip_tracking":false,"_monsterinsights_sitenote_active":false,"_monsterinsights_sitenote_note":"","_monsterinsights_sitenote_category":0,"footnotes":""},"categories":[2],"tags":[278,53,1852],"class_list":["post-50950","post","type-post","status-publish","format-standard","has-post-thumbnail","hentry","category-vijesti","tag-aprilske-nagrade","tag-banja-luka","tag-kandidati"],"jetpack_featured_media_url":"https:\/\/www.mladibl.com\/wp-content\/uploads\/2026\/03\/Poznato-koji-Banjalucani-su-kandidati-za-Aprilske-nagrade-grada-Banjaluka.jpg","amp_enabled":true,"_links":{"self":[{"href":"https:\/\/www.mladibl.com\/index.php?rest_route=\/wp\/v2\/posts\/50950","targetHints":{"allow":["GET"]}}],"collection":[{"href":"https:\/\/www.mladibl.com\/index.php?rest_route=\/wp\/v2\/posts"}],"about":[{"href":"https:\/\/www.mladibl.com\/index.php?rest_route=\/wp\/v2\/types\/post"}],"author":[{"embeddable":true,"href":"https:\/\/www.mladibl.com\/index.php?rest_route=\/wp\/v2\/users\/1"}],"replies":[{"embeddable":true,"href":"https:\/\/www.mladibl.com\/index.php?rest_route=%2Fwp%2Fv2%2Fcomments&post=50950"}],"version-history":[{"count":1,"href":"https:\/\/www.mladibl.com\/index.php?rest_route=\/wp\/v2\/posts\/50950\/revisions"}],"predecessor-version":[{"id":50960,"href":"https:\/\/www.mladibl.com\/index.php?rest_route=\/wp\/v2\/posts\/50950\/revisions\/50960"}],"wp:featuredmedia":[{"embeddable":true,"href":"https:\/\/www.mladibl.com\/index.php?rest_route=\/wp\/v2\/media\/50959"}],"wp:attachment":[{"href":"https:\/\/www.mladibl.com\/index.php?rest_route=%2Fwp%2Fv2%2Fmedia&parent=50950"}],"wp:term":[{"taxonomy":"category","embeddable":true,"href":"https:\/\/www.mladibl.com\/index.php?rest_route=%2Fwp%2Fv2%2Fcategories&post=50950"},{"taxonomy":"post_tag","embeddable":true,"href":"https:\/\/www.mladibl.com\/index.php?rest_route=%2Fwp%2Fv2%2Ftags&post=50950"}],"curies":[{"name":"wp","href":"https:\/\/api.w.org\/{rel}","templated":true}]}}