{"id":50936,"date":"2026-03-17T22:38:16","date_gmt":"2026-03-17T20:38:16","guid":{"rendered":"https:\/\/www.mladibl.com\/?p=50936"},"modified":"2026-03-17T22:48:31","modified_gmt":"2026-03-17T20:48:31","slug":"banjaluko-dodi-na-film-o-livanjskim-divljim-konjima","status":"publish","type":"post","link":"https:\/\/www.mladibl.com\/?p=50936","title":{"rendered":"Banjaluko, do\u0111i na film o livanjskim divljim konjima"},"content":{"rendered":"\n<p>Dokumentarni film eTrafike \u201eLivanjski divlji konji \u2013 izme\u0111u slobode i nebrige\u201d bi\u0107e prikazan u Domu omladine Banjaluka u \u010detvrtak, 19. marta, u 19 sati. Nakon projekcije slijedi razgovor sa autorima Vanjom Stoki\u0107 i Ajdinom Kamberom. Ulaz je slobodan!<\/p>\n\n\n\n<p>Film je do sada prikazan u Livnu, Doboju, Sarajevu, Zenici i Tuzli. Nakon Banjaluke slijede projekcije u Mostaru i Trebinju. Dokumentarac je snimljen u produkciji eTrafike, autori su Vanja Stoki\u0107 i Ajdin Kamber, dok monta\u017eu potpisuje Jelena Vujasinovi\u0107.<\/p>\n\n\n\n<p>\u201cTrenutno smo na nekoj vrsti turneje kroz Bosnu i Hercegovinu, organizujemo prikazivanja po razli\u010ditim gradovima. Volimo taj direktni kontakt sa publikom, da oslu\u0161kujemo njihove reakcije i utiske. Zbog toga film ne\u0107e biti javno dostupan jo\u0161 neko vrijeme. Naravno, osim na\u0161im Patreon pretplatnicima, koji su zapravo finansirali snimanje. Trenutno radimo i na prevodu filma na engleski jezik, kako bismo ga slali na festivale\u201d, kazala je koautorka filma, urednica portala eTrafika Vanja Stoki\u0107.<\/p>\n\n\n\n<p>Ovo nije lijepi film o turizmu i prirodnim ljepotama, u njemu su tako\u0111e prikazane patnje, stradanje i krivolov konja. Zbog nekoliko uznemiruju\u0107ih scena, djeci ne preporu\u010dujemo gledanje.<\/p>\n\n\n\n<p>\u201cSa snimanjem filma smo krenuli slu\u010dajno. Dok smo radili na drugom dokumentarcu, o krivolovu prepelica u Livanjskom polju, na\u0161li smo povrije\u0111enog konja i danima poku\u0161avali da dovedemo pomo\u0107. Bio je kraj avgusta, konj je prolazio pravu agoniju, a i mi s njim. Tokom tog procesa smo spontano uzeli kamere i po\u010deli da bilje\u017eimo \u0161ta se sve de\u0161ava \u017eivotinjama kojima se svi ponose ali odbijaju da ih za\u0161tite\u201d, navodi koautor filma, videograf Ajdin Kamber.<\/p>\n\n\n\n<p>Trejler filma je dostupan na ovom linku: <a href=\"https:\/\/www.facebook.com\/reel\/1319717866665371\" target=\"_blank\" rel=\"noreferrer noopener\">https:\/\/www.facebook.com\/reel\/1319717866665371<\/a><\/p>\n","protected":false},"excerpt":{"rendered":"<p>Dokumentarni film eTrafike \u201eLivanjski divlji konji \u2013 izme\u0111u slobode i nebrige\u201d bi\u0107e prikazan u Domu omladine Banjaluka u \u010detvrtak, 19.<\/p>\n","protected":false},"author":1,"featured_media":50924,"comment_status":"closed","ping_status":"open","sticky":false,"template":"","format":"standard","meta":{"om_disable_all_campaigns":false,"_monsterinsights_skip_tracking":false,"_monsterinsights_sitenote_active":false,"_monsterinsights_sitenote_note":"","_monsterinsights_sitenote_category":0,"footnotes":""},"categories":[6,8692],"tags":[196,15083,8118],"class_list":["post-50936","post","type-post","status-publish","format-standard","has-post-thumbnail","hentry","category-dogadjaji","category-izdvajamo","tag-dokumentarni-film","tag-livanjski-divlji-konji","tag-projekcija"],"jetpack_featured_media_url":"https:\/\/www.mladibl.com\/wp-content\/uploads\/2026\/03\/Banjaluko-dodi-na-film-o-livanjskim-divljim-konjima.jpg","amp_enabled":true,"_links":{"self":[{"href":"https:\/\/www.mladibl.com\/index.php?rest_route=\/wp\/v2\/posts\/50936","targetHints":{"allow":["GET"]}}],"collection":[{"href":"https:\/\/www.mladibl.com\/index.php?rest_route=\/wp\/v2\/posts"}],"about":[{"href":"https:\/\/www.mladibl.com\/index.php?rest_route=\/wp\/v2\/types\/post"}],"author":[{"embeddable":true,"href":"https:\/\/www.mladibl.com\/index.php?rest_route=\/wp\/v2\/users\/1"}],"replies":[{"embeddable":true,"href":"https:\/\/www.mladibl.com\/index.php?rest_route=%2Fwp%2Fv2%2Fcomments&post=50936"}],"version-history":[{"count":2,"href":"https:\/\/www.mladibl.com\/index.php?rest_route=\/wp\/v2\/posts\/50936\/revisions"}],"predecessor-version":[{"id":50938,"href":"https:\/\/www.mladibl.com\/index.php?rest_route=\/wp\/v2\/posts\/50936\/revisions\/50938"}],"wp:featuredmedia":[{"embeddable":true,"href":"https:\/\/www.mladibl.com\/index.php?rest_route=\/wp\/v2\/media\/50924"}],"wp:attachment":[{"href":"https:\/\/www.mladibl.com\/index.php?rest_route=%2Fwp%2Fv2%2Fmedia&parent=50936"}],"wp:term":[{"taxonomy":"category","embeddable":true,"href":"https:\/\/www.mladibl.com\/index.php?rest_route=%2Fwp%2Fv2%2Fcategories&post=50936"},{"taxonomy":"post_tag","embeddable":true,"href":"https:\/\/www.mladibl.com\/index.php?rest_route=%2Fwp%2Fv2%2Ftags&post=50936"}],"curies":[{"name":"wp","href":"https:\/\/api.w.org\/{rel}","templated":true}]}}