{"id":50934,"date":"2026-03-17T22:36:50","date_gmt":"2026-03-17T20:36:50","guid":{"rendered":"https:\/\/www.mladibl.com\/?p=50934"},"modified":"2026-03-17T22:36:57","modified_gmt":"2026-03-17T20:36:57","slug":"introdukcije-tri-lica-kamerne-muzike","status":"publish","type":"post","link":"https:\/\/www.mladibl.com\/?p=50934","title":{"rendered":"Introdukcije &#8220;Tri lica kamerne muzike&#8221;"},"content":{"rendered":"\n<hr class=\"wp-block-separator has-alpha-channel-opacity\"\/>\n\n\n\n<p>U okviru ciklusa koncerata \u201eIntrodukcije\u201c, na Velikoj sceni Narodnog pozori\u0161ta Republike Srpske u \u010detvrtak, 19. marta, sa po\u010detkom u 20.00 \u010dasova, bi\u0107e odr\u017ean koncert pod nazivom \u201eTri lica kamerne muzike\u201c.<\/p>\n\n\n\n<p>Publika \u0107e imati priliku da u\u017eiva u raznovrsnom programu kamerne muzike u izvo\u0111enju istaknutih umjetnika: Anastasije Arseni\u0107 (violina), Sonje Saramandi\u0107 (violina), Srne Majar (viola) i Stefana Lopandi\u0107a (klavir).<\/p>\n\n\n\n<p>Na programu koncerta nalaze se djela zna\u010dajnih kompozitora kamerne literature: Svita za violinu, violu i klavir \u2013 Hansa Keslera, Serenada za dvije voline i violu br. 2 \u2013 Bohuslava Martinua i Svita za dvije violine i klavir u ge-molu, op. 71 \u2013 Morica Mi\u0161kovskog.<\/p>\n\n\n\n<p>-Ovaj koncert donosi zanimljiv presjek razli\u010ditih pristupa kamernom muziciranju i odnosa me\u0111u instrumentima u ansamblu. \u201eKroz ova tri dela otkrivamo razli\u010dite uloge koje instrumenti mogu imati unutar ansambla, od harmonijskog jedinstva i ritmi\u010dke igre, do otvorene virtuoznosti\u201c \u2013 poru\u010duju \u010dlanovi ansambla.<\/p>\n\n\n\n<p>Koncert \u201eTri lica kamerne muzike\u201c pru\u017ea publici priliku da kroz tri stilski razli\u010dita djela upozna bogatstvo i raznolikost kamerne muzike, ali i suptilni dijalog izme\u0111u guda\u010dkih instrumenata i klavira.<\/p>\n\n\n\n<p>Preuzeto sa: <a href=\"https:\/\/www.banjaluka.rs.ba\/introdukcije-tri-lica-kamerne-muzik\/\" target=\"_blank\" rel=\"noreferrer noopener\">banjaluka.rs.ba<\/a><\/p>\n","protected":false},"excerpt":{"rendered":"<p>U okviru ciklusa koncerata \u201eIntrodukcije\u201c, na Velikoj sceni Narodnog pozori\u0161ta Republike Srpske u \u010detvrtak, 19. marta, sa po\u010detkom u 20.00<\/p>\n","protected":false},"author":1,"featured_media":50925,"comment_status":"closed","ping_status":"open","sticky":false,"template":"","format":"standard","meta":{"om_disable_all_campaigns":false,"_monsterinsights_skip_tracking":false,"_monsterinsights_sitenote_active":false,"_monsterinsights_sitenote_note":"","_monsterinsights_sitenote_category":0,"footnotes":""},"categories":[2],"tags":[13776,15082],"class_list":["post-50934","post","type-post","status-publish","format-standard","has-post-thumbnail","hentry","category-vijesti","tag-introdukcije","tag-tri-lica-kamerne-muzike"],"jetpack_featured_media_url":"https:\/\/www.mladibl.com\/wp-content\/uploads\/2026\/03\/Introdukcije-\u201eTri-lica-kamerne-muzike.jpg","amp_enabled":true,"_links":{"self":[{"href":"https:\/\/www.mladibl.com\/index.php?rest_route=\/wp\/v2\/posts\/50934","targetHints":{"allow":["GET"]}}],"collection":[{"href":"https:\/\/www.mladibl.com\/index.php?rest_route=\/wp\/v2\/posts"}],"about":[{"href":"https:\/\/www.mladibl.com\/index.php?rest_route=\/wp\/v2\/types\/post"}],"author":[{"embeddable":true,"href":"https:\/\/www.mladibl.com\/index.php?rest_route=\/wp\/v2\/users\/1"}],"replies":[{"embeddable":true,"href":"https:\/\/www.mladibl.com\/index.php?rest_route=%2Fwp%2Fv2%2Fcomments&post=50934"}],"version-history":[{"count":1,"href":"https:\/\/www.mladibl.com\/index.php?rest_route=\/wp\/v2\/posts\/50934\/revisions"}],"predecessor-version":[{"id":50935,"href":"https:\/\/www.mladibl.com\/index.php?rest_route=\/wp\/v2\/posts\/50934\/revisions\/50935"}],"wp:featuredmedia":[{"embeddable":true,"href":"https:\/\/www.mladibl.com\/index.php?rest_route=\/wp\/v2\/media\/50925"}],"wp:attachment":[{"href":"https:\/\/www.mladibl.com\/index.php?rest_route=%2Fwp%2Fv2%2Fmedia&parent=50934"}],"wp:term":[{"taxonomy":"category","embeddable":true,"href":"https:\/\/www.mladibl.com\/index.php?rest_route=%2Fwp%2Fv2%2Fcategories&post=50934"},{"taxonomy":"post_tag","embeddable":true,"href":"https:\/\/www.mladibl.com\/index.php?rest_route=%2Fwp%2Fv2%2Ftags&post=50934"}],"curies":[{"name":"wp","href":"https:\/\/api.w.org\/{rel}","templated":true}]}}