{"id":50932,"date":"2026-03-17T22:35:31","date_gmt":"2026-03-17T20:35:31","guid":{"rendered":"https:\/\/www.mladibl.com\/?p=50932"},"modified":"2026-03-17T22:35:37","modified_gmt":"2026-03-17T20:35:37","slug":"poziv-za-prijavu-kandidata-za-clanove-komisije-za-vrednovanje-projekata-kulturnog-i-umjetnickog-stvaralastva-za-2026-godinu","status":"publish","type":"post","link":"https:\/\/www.mladibl.com\/?p=50932","title":{"rendered":"Poziv za prijavu kandidata za \u010dlanove Komisije za vrednovanje projekata kulturnog i umjetni\u010dkog stvarala\u0161tva za 2026. godinu"},"content":{"rendered":"\n<hr class=\"wp-block-separator has-alpha-channel-opacity\"\/>\n\n\n\n<p>Uporedo sa javnim konkursom za sufinansiranje projekata kulturnog i umjetni\u010dkog stvarala\u0161tva za 2026. godinu, raspisan je i javni poziv za prijavu kandidata za imenovanje \u010dlanova Komisije za vrednovanje projekata kulturnog i umjetni\u010dkog stvarala\u0161tva za 2026. godinu.<\/p>\n\n\n\n<p>Pozvani su umjetnici i stru\u010dnjaci u kulturi, koji su upisani u Registar umjetnika i u Registar stru\u010dnjaka u kulturi Ministarstva prosvjete i kulture Republike Srpske, da se prijave za \u010dlanove Komisije za vrednovanje projekata kulturnog i umjetni\u010dkog stvarala\u0161tva za 2026. godinu.<\/p>\n\n\n\n<p>\u010clan komisije ne mo\u017ee biti lice koje je u\u010desnik projektne aktivnosti ili je na bilo koji drugi na\u010din u sukobu interesa u projektima prijavljenim na Javni konkurs za sufinansiranje projekata kulturnog i umjetni\u010dkog stvarala\u0161tva za 2026. godinu.<\/p>\n\n\n\n<p>Na osnovu prispjelih prijava gradona\u010delnik \u0107e imenovati komisiju, koju \u0107e \u010diniti pet \u010dlanova iz razli\u010ditih oblasti kulture (kulturnog i umjetni\u010dkog stvarala\u0161tva).<\/p>\n\n\n\n<p>Prava i obaveze \u010dlanova komisije definisa\u0107e se pojedina\u010dnim ugovorima. Komisija ima pravo na naknadu za svoj rad, a iznos naknade utvr\u0111uje se u skladu sa Zakonom o kulturi.<\/p>\n\n\n\n<p>Prijave na javni poziv dostavljaju se do 31. marta 2026. godine Odjeljenju za dru\u0161tvene djelatnosti, putem prijemne kancelarije Gradske uprave, broj 11, u zatvorenoj koverti, u roku od 15 dana od dana objave ovog javnog poziva na internet stranici Grada www.banjaluka.rs.ba, sa naznakom: Javni poziv za prijavu kandidata za imenovanje \u010dlanova Komisije za vrednovanje projekata kulturnog i umjetni\u010dkog stvarala\u0161tva za 2026. godinu, broj: 07-6-102\/26 ili putem po\u0161te \u2013 preporu\u010deno, na adresu: Grad Banja Luka, Gradska uprava, Odjeljenje za dru\u0161tvene djelatnosti, Trg srpskih vladara 1, Banja Luka.<\/p>\n\n\n\n<p>Poziv i prate\u0107e obrasce mo\u017eete preuzeti <a href=\"https:\/\/www.banjaluka.rs.ba\/pozivi_konkursi\/javni-poziv-za-prijavu-kandidata-za-im\/\">OVDJE<\/a>.<\/p>\n\n\n\n<p>Preuzeto sa: <a href=\"https:\/\/www.banjaluka.rs.ba\/poziv-za-prijavu-kandidata-za-clanove\/\" target=\"_blank\" rel=\"noreferrer noopener\">banjaluka.rs.ba<\/a><\/p>\n","protected":false},"excerpt":{"rendered":"<p>Uporedo sa javnim konkursom za sufinansiranje projekata kulturnog i umjetni\u010dkog stvarala\u0161tva za 2026. godinu, raspisan je i javni poziv za<\/p>\n","protected":false},"author":1,"featured_media":50926,"comment_status":"closed","ping_status":"open","sticky":false,"template":"","format":"standard","meta":{"om_disable_all_campaigns":false,"_monsterinsights_skip_tracking":false,"_monsterinsights_sitenote_active":false,"_monsterinsights_sitenote_note":"","_monsterinsights_sitenote_category":0,"footnotes":""},"categories":[2],"tags":[330,29,38,4559,877],"class_list":["post-50932","post","type-post","status-publish","format-standard","has-post-thumbnail","hentry","category-vijesti","tag-komisija","tag-kultura","tag-projekti","tag-stvaralastvo","tag-umjetnost"],"jetpack_featured_media_url":"https:\/\/www.mladibl.com\/wp-content\/uploads\/2026\/03\/Poziv-za-prijavu-kandidata-za-clanove-Komisije-za-vrednovanje-projekata-kulturnog-i-umjetnickog-stvaralastva-za-2026.-godinu.jpg","amp_enabled":true,"_links":{"self":[{"href":"https:\/\/www.mladibl.com\/index.php?rest_route=\/wp\/v2\/posts\/50932","targetHints":{"allow":["GET"]}}],"collection":[{"href":"https:\/\/www.mladibl.com\/index.php?rest_route=\/wp\/v2\/posts"}],"about":[{"href":"https:\/\/www.mladibl.com\/index.php?rest_route=\/wp\/v2\/types\/post"}],"author":[{"embeddable":true,"href":"https:\/\/www.mladibl.com\/index.php?rest_route=\/wp\/v2\/users\/1"}],"replies":[{"embeddable":true,"href":"https:\/\/www.mladibl.com\/index.php?rest_route=%2Fwp%2Fv2%2Fcomments&post=50932"}],"version-history":[{"count":1,"href":"https:\/\/www.mladibl.com\/index.php?rest_route=\/wp\/v2\/posts\/50932\/revisions"}],"predecessor-version":[{"id":50933,"href":"https:\/\/www.mladibl.com\/index.php?rest_route=\/wp\/v2\/posts\/50932\/revisions\/50933"}],"wp:featuredmedia":[{"embeddable":true,"href":"https:\/\/www.mladibl.com\/index.php?rest_route=\/wp\/v2\/media\/50926"}],"wp:attachment":[{"href":"https:\/\/www.mladibl.com\/index.php?rest_route=%2Fwp%2Fv2%2Fmedia&parent=50932"}],"wp:term":[{"taxonomy":"category","embeddable":true,"href":"https:\/\/www.mladibl.com\/index.php?rest_route=%2Fwp%2Fv2%2Fcategories&post=50932"},{"taxonomy":"post_tag","embeddable":true,"href":"https:\/\/www.mladibl.com\/index.php?rest_route=%2Fwp%2Fv2%2Ftags&post=50932"}],"curies":[{"name":"wp","href":"https:\/\/api.w.org\/{rel}","templated":true}]}}