{"id":50899,"date":"2026-03-16T23:36:15","date_gmt":"2026-03-16T21:36:15","guid":{"rendered":"https:\/\/www.mladibl.com\/?p=50899"},"modified":"2026-03-16T23:36:21","modified_gmt":"2026-03-16T21:36:21","slug":"banja-luka-se-priprema-za-cetvrto-izdanje-aprilili-festa","status":"publish","type":"post","link":"https:\/\/www.mladibl.com\/?p=50899","title":{"rendered":"Banja Luka se priprema za \u010detvrto izdanje \u201eAprilili festa\u201c"},"content":{"rendered":"\n<hr class=\"wp-block-separator has-alpha-channel-opacity\"\/>\n\n\n\n<p>Banja Luka se priprema za \u010detvrto izdanje \u201eAprilili festa\u201c, koje \u0107e biti odr\u017eano od &nbsp;1. do 3. aprila u Sportskoj dvorani \u201eCentar\u201c.<\/p>\n\n\n\n<p>Na ovogodi\u0161em festivalu nastupi\u0107e Dragan Marinkovi\u0107 Maca, Tijana Dap\u010devi\u0107 i Nikola \u0110uri\u010dko.<\/p>\n\n\n\n<p>\u2013 Briga i pamet su na godi\u0161njem, a Sportska dvorana Centar postaje zona smijeha i zabave, uz aplauze koji traju du\u017ee od svakog ponedjeljka. \u010cetvrti \u201eAprilili fest\u201c publici ponovo otkriva pomalo zaboravljeni grad koji zna da se smije, i sebi i svijetu \u2013 navedeno je u saop\u0161tenju organizatora Support Marketing centra.<\/p>\n\n\n\n<p>Naime, 1. aprila od 20.00 \u010dasova banjalu\u010dka publika premijerno \u0107e pogledati predstavu Dragana Marinkovi\u0107a Mace \u201eLajf kou\u010d\u201c o svijetu u kojem su moral, po\u0161tenje i ljubav postali relikti, a trka za nebitnim stvarima zamijenila istinske odnose.<\/p>\n\n\n\n<p>Srijeda, 2. april u 20.00 \u010dasova rezervisan je regionalni hit \u2013 stendap monodramu \u201eMenopauza\u201c nastalu po tekstu Danila Vukoti\u0107a, a u re\u017eiji Rade Vukoti\u0107, a koju \u0107e izvesti legendarna muzi\u010darka i glumica Tijana Dap\u010devi\u0107.<\/p>\n\n\n\n<p>Posljednjeg dana ovog festivala 3. aprila od 20.00 \u010dasova publiku o\u010dekuje nastup Nikole \u0110uri\u010dka.<\/p>\n\n\n\n<p>Nakon svjetske turneje i vi\u0161e od 50.000 gledalaca \u0161irom Amerike, Kanade, Australije i Evrope, \u0110uri\u010dko \u0107e izvesti svoj stendap komad \u201e\u0160oubiz\u201c \u2013 duhovitu i li\u010dnu pri\u010du o karijeri, porodici i svim onim situacijama koje zvu\u010de nevjerovatno, ali su istinite.<\/p>\n\n\n\n<p>Grad Banja Luka podr\u017eao je ovoj doga\u0111aj.<\/p>\n\n\n\n<p>Preuzeto sa: <a href=\"https:\/\/www.banjaluka.rs.ba\/banja-luka-se-priprema-za-cetvrto-izdanj\/\">banja<\/a><a href=\"https:\/\/www.banjaluka.rs.ba\/banja-luka-se-priprema-za-cetvrto-izdanj\/\" target=\"_blank\" rel=\"noreferrer noopener\">l<\/a><a href=\"https:\/\/www.banjaluka.rs.ba\/banja-luka-se-priprema-za-cetvrto-izdanj\/\">uka.rs.ba<\/a><\/p>\n","protected":false},"excerpt":{"rendered":"<p>Banja Luka se priprema za \u010detvrto izdanje \u201eAprilili festa\u201c, koje \u0107e biti odr\u017eano od &nbsp;1. do 3. aprila u Sportskoj<\/p>\n","protected":false},"author":1,"featured_media":50896,"comment_status":"closed","ping_status":"open","sticky":false,"template":"","format":"standard","meta":{"om_disable_all_campaigns":false,"_monsterinsights_skip_tracking":false,"_monsterinsights_sitenote_active":false,"_monsterinsights_sitenote_note":"","_monsterinsights_sitenote_category":0,"footnotes":""},"categories":[2],"tags":[12809,53],"class_list":["post-50899","post","type-post","status-publish","format-standard","has-post-thumbnail","hentry","category-vijesti","tag-aprilili-fest","tag-banja-luka"],"jetpack_featured_media_url":"https:\/\/www.mladibl.com\/wp-content\/uploads\/2026\/03\/Banja-Luka-se-priprema-za-cetvrto-izdanje-\u201eAprilili-festa.jpg","amp_enabled":true,"_links":{"self":[{"href":"https:\/\/www.mladibl.com\/index.php?rest_route=\/wp\/v2\/posts\/50899","targetHints":{"allow":["GET"]}}],"collection":[{"href":"https:\/\/www.mladibl.com\/index.php?rest_route=\/wp\/v2\/posts"}],"about":[{"href":"https:\/\/www.mladibl.com\/index.php?rest_route=\/wp\/v2\/types\/post"}],"author":[{"embeddable":true,"href":"https:\/\/www.mladibl.com\/index.php?rest_route=\/wp\/v2\/users\/1"}],"replies":[{"embeddable":true,"href":"https:\/\/www.mladibl.com\/index.php?rest_route=%2Fwp%2Fv2%2Fcomments&post=50899"}],"version-history":[{"count":1,"href":"https:\/\/www.mladibl.com\/index.php?rest_route=\/wp\/v2\/posts\/50899\/revisions"}],"predecessor-version":[{"id":50900,"href":"https:\/\/www.mladibl.com\/index.php?rest_route=\/wp\/v2\/posts\/50899\/revisions\/50900"}],"wp:featuredmedia":[{"embeddable":true,"href":"https:\/\/www.mladibl.com\/index.php?rest_route=\/wp\/v2\/media\/50896"}],"wp:attachment":[{"href":"https:\/\/www.mladibl.com\/index.php?rest_route=%2Fwp%2Fv2%2Fmedia&parent=50899"}],"wp:term":[{"taxonomy":"category","embeddable":true,"href":"https:\/\/www.mladibl.com\/index.php?rest_route=%2Fwp%2Fv2%2Fcategories&post=50899"},{"taxonomy":"post_tag","embeddable":true,"href":"https:\/\/www.mladibl.com\/index.php?rest_route=%2Fwp%2Fv2%2Ftags&post=50899"}],"curies":[{"name":"wp","href":"https:\/\/api.w.org\/{rel}","templated":true}]}}