{"id":50870,"date":"2026-03-15T21:40:59","date_gmt":"2026-03-15T19:40:59","guid":{"rendered":"https:\/\/www.mladibl.com\/?p=50870"},"modified":"2026-03-15T21:41:05","modified_gmt":"2026-03-15T19:41:05","slug":"budite-dio-trotoarta-raspisan-javni-poziv-za-ucesce-u-programu-5-festivala-ulicnih-zabavljaca","status":"publish","type":"post","link":"https:\/\/www.mladibl.com\/?p=50870","title":{"rendered":"Budite dio \u201eTrotoArta\u201c: Raspisan javni poziv za u\u010de\u0161\u0107e u programu 5. Festivala uli\u010dnih zabavlja\u010da"},"content":{"rendered":"\n<hr class=\"wp-block-separator has-alpha-channel-opacity\"\/>\n\n\n\n<p>U okviru priprema za odr\u017eavanje 5. Festivala uli\u010dnih zabavlja\u010da \u201eTrotoArt\u201c, koji \u0107e biti odr\u017ean od 15. do 21. juna 2026. godine, projektni tim festivala objavljuje Javni poziv za u\u010de\u0161\u0107e u programu ovogodi\u0161njeg festivala.<\/p>\n\n\n\n<p>Pozvani su svi uli\u010dni zabavlja\u010di i oni koji bi to za ovu priliku \u017eeljeli da budu da se prijave za u\u010de\u0161\u0107e na Festivalu \u201eTrotoArt\u201c.<\/p>\n\n\n\n<p>Pravo prijave imaju svi koji svojim vedrim duhom, glasom, pokretom, bojom i zvukom zaustavljaju slu\u010dajne prolaznike i privla\u010de pa\u017enju svih generacija, bilo da se radi o na\u0161im sugra\u0111anima ili dragim gostima.<\/p>\n\n\n\n<p>Dobrodo\u0161li su svi umjetnici i grupe bez obzira na pol, uzrast, vje\u0161tine, profesionalni ili amaterski status, broj \u010dlanova. Me\u0111u njima su: muzi\u010dari, pjeva\u010di, glumci, performeri, plesa\u010di, slikari, animatori i zabavlja\u010di, kreativci.<\/p>\n\n\n\n<p>-O\u010dekujemo prijave pojedinaca i grupa iz Banje Luke, drugih gradova Republike Srpske, Bosne i Hercegovine, kao i iz zemalja okru\u017eenja. Projektni tim Festivala unaprijed navodi da \u0107e ve\u0107i broj mjesta biti predvi\u0111en za u\u010desnike sa podru\u010dja Banje Luke i bli\u017eeg okru\u017eenja iz organizacionih i finansijskih razloga, ali da \u0107e se odre\u0111eni broj mjesta planirati i za u\u010desnike iz okru\u017eenja \u2013 navedeno je u javnom pozivu.<\/p>\n\n\n\n<p>Prijava se podnosi putem elektronske po\u0161te i to na: <a href=\"mailto:trotoart.bl@gmail.\">trotoart.bl@gmail.<\/a>com, a u poruci treba navesti sljede\u0107e:<\/p>\n\n\n\n<ul class=\"wp-block-list\">\n<li>ime i prezima izvo\u0111a\u010da;<\/li>\n\n\n\n<li>naziv grupe\/sastava i broj \u010dlanova;<\/li>\n\n\n\n<li>kratak opis izvo\u0111a\u010da (od kada postoji, \u0161ta izvodi i sl.);<\/li>\n\n\n\n<li>vrsta izvo\u0111enja (koncert, performans\u2026) i<\/li>\n\n\n\n<li>po\u017eeljno je da se prilo\u017ei barem jedna fotografija sa nastupa.<\/li>\n<\/ul>\n\n\n\n<p>Projektni tim Festivala \u0107e na osnovu dostavljenih prijava izvr\u0161iti selekciju u\u010desnika i izraditi detaljan program festivala.<\/p>\n\n\n\n<p>Naime, Festival uli\u010dnih zabavlja\u010da \u201eTrotoArt\u201c je dio niza manifestacija koje se realizuju u okviru programa \u201eBanjalu\u010dko prolje\u0107e 2026\u201c. \u201eTrotoArt\u201c je organizovan prvi put 2022. godine kao nova gradska manifestacija sa ciljem da okupi umjetnike, bilo da se radi o amaterima ili profesionalcima, koji svojom predano\u0161\u0107u i vje\u0161tinama doprinose kulturnom i zabavnom \u017eivotu grada. Cilj festivala je u 2023. godini modifikovan i odnosio se na uspostavljanje i razvoj regionalnog festivala umjetnosti, mjesta susreta, saradnje i komunikacije izme\u0111u samih umjetnika i izme\u0111u umjetnika i publike.<\/p>\n\n\n\n<p>Festival se tokom prethodnih godina odr\u017eavao u u\u017eem centru grada i to du\u017e glavne \u0161etali\u0161ne zone, na ukupno sedam lokacija od Narodnog pozori\u0161ta Republike Srpske do Trga Krajine i parka \u201ePetar Ko\u010di\u0107\u201c. U 2025. godine su uvedene dodatne lokacije za izvo\u0111enje programa festivala, poput nove \u0161etali\u0161ne zone u Gajevoj ulici, novoure\u0111enih Parka knjige i Parka oslobo\u0111enja, a u ovoj 2026. godini planirnao je da se uvedu dodatne lokacije za izvo\u0111enje programa festivala<\/p>\n\n\n\n<p>\u201eTrotoArt\u201c je tokom prethodne \u010detiri godine okupio preko 120 grupa i individualnih umjetnika, a u\u010destvovalo je vi\u0161e od 1.000 izvo\u0111a\u010da.<\/p>\n\n\n\n<p>Rok za podno\u0161enje prijava za ovogodi\u0161nji \u201eTrotoArt\u201c je <strong>15<\/strong><strong>. april 202<\/strong><strong>6<\/strong><strong>. do 16:00 \u010dasova<\/strong>.<\/p>\n\n\n\n<p>Sva pitanja mogu se uputiti i poja\u0161njenja dobiti putem elektronske po\u0161te: <a href=\"mailto:trotoart.bl@gmail.com\">trotoart.bl@gmail.com<\/a>.<\/p>\n\n\n\n<p>Kompletan javni poziv pogledajte&nbsp;<a href=\"https:\/\/www.banjaluka.rs.ba\/wp-content\/uploads\/2026\/03\/Javni-poziv-za-ucesce-u-programu-Festivala-Trotoart-2026.pdf\" target=\"_blank\" rel=\"noreferrer noopener\">OVDJE<\/a>.<\/p>\n\n\n\n<p>Preuzeto sa: <a href=\"https:\/\/www.banjaluka.rs.ba\/budite-dio-trotoarta-raspisan-javni-poziv\/\" target=\"_blank\" rel=\"noreferrer noopener\">banjaluka.rs.ba<\/a><\/p>\n","protected":false},"excerpt":{"rendered":"<p>U okviru priprema za odr\u017eavanje 5. Festivala uli\u010dnih zabavlja\u010da \u201eTrotoArt\u201c, koji \u0107e biti odr\u017ean od 15. do 21. juna 2026.<\/p>\n","protected":false},"author":1,"featured_media":50864,"comment_status":"closed","ping_status":"open","sticky":false,"template":"","format":"standard","meta":{"om_disable_all_campaigns":false,"_monsterinsights_skip_tracking":false,"_monsterinsights_sitenote_active":false,"_monsterinsights_sitenote_note":"","_monsterinsights_sitenote_category":0,"footnotes":""},"categories":[2],"tags":[8519,218,8411],"class_list":["post-50870","post","type-post","status-publish","format-standard","has-post-thumbnail","hentry","category-vijesti","tag-festival-ulicnih-zabavljaca","tag-javni-poziv","tag-trotoart"],"jetpack_featured_media_url":"https:\/\/www.mladibl.com\/wp-content\/uploads\/2026\/03\/Budite-dio-\u201eTrotoArta_-Raspisan-javni-poziv-za-ucesce-u-programu-5.-Festivala-ulicnih-zabavljaca.jpg","amp_enabled":true,"_links":{"self":[{"href":"https:\/\/www.mladibl.com\/index.php?rest_route=\/wp\/v2\/posts\/50870","targetHints":{"allow":["GET"]}}],"collection":[{"href":"https:\/\/www.mladibl.com\/index.php?rest_route=\/wp\/v2\/posts"}],"about":[{"href":"https:\/\/www.mladibl.com\/index.php?rest_route=\/wp\/v2\/types\/post"}],"author":[{"embeddable":true,"href":"https:\/\/www.mladibl.com\/index.php?rest_route=\/wp\/v2\/users\/1"}],"replies":[{"embeddable":true,"href":"https:\/\/www.mladibl.com\/index.php?rest_route=%2Fwp%2Fv2%2Fcomments&post=50870"}],"version-history":[{"count":1,"href":"https:\/\/www.mladibl.com\/index.php?rest_route=\/wp\/v2\/posts\/50870\/revisions"}],"predecessor-version":[{"id":50871,"href":"https:\/\/www.mladibl.com\/index.php?rest_route=\/wp\/v2\/posts\/50870\/revisions\/50871"}],"wp:featuredmedia":[{"embeddable":true,"href":"https:\/\/www.mladibl.com\/index.php?rest_route=\/wp\/v2\/media\/50864"}],"wp:attachment":[{"href":"https:\/\/www.mladibl.com\/index.php?rest_route=%2Fwp%2Fv2%2Fmedia&parent=50870"}],"wp:term":[{"taxonomy":"category","embeddable":true,"href":"https:\/\/www.mladibl.com\/index.php?rest_route=%2Fwp%2Fv2%2Fcategories&post=50870"},{"taxonomy":"post_tag","embeddable":true,"href":"https:\/\/www.mladibl.com\/index.php?rest_route=%2Fwp%2Fv2%2Ftags&post=50870"}],"curies":[{"name":"wp","href":"https:\/\/api.w.org\/{rel}","templated":true}]}}