{"id":50856,"date":"2026-03-15T21:32:48","date_gmt":"2026-03-15T19:32:48","guid":{"rendered":"https:\/\/www.mladibl.com\/?p=50856"},"modified":"2026-03-15T21:32:54","modified_gmt":"2026-03-15T19:32:54","slug":"za-zivot-zena-treca-sedmica-marta-u-znaku-ekonomskog-osnazivanja-zena","status":"publish","type":"post","link":"https:\/\/www.mladibl.com\/?p=50856","title":{"rendered":"Za \u017eivot \u017eena: Tre\u0107a sedmica marta u znaku ekonomskog osna\u017eivanja \u017eena"},"content":{"rendered":"\n<hr class=\"wp-block-separator has-alpha-channel-opacity\"\/>\n\n\n\n<p>Tre\u0107a sedmica kampanje \u201eZa \u017eivot \u017eena\u201c donosi zanimljiv program i bi\u0107e posve\u0107ena ekonomskom osna\u017eivanju.<\/p>\n\n\n\n<p>U narednim danima bi\u0107e organizovane zanimljive radionice edukativnog karaktera pod nazivom \u201eZapo\u010dnite i unaprijedite poslovanje \u2013 SIYB\u201c, koje \u0107e u vi\u0161e termina biti organizovane u Domu omladine.<\/p>\n\n\n\n<p>Osim toga u sedmici posve\u0107enoj ekonomskom osna\u017eivanju o\u010dekuje vas i sjajna panel diskusija pod nazivom \u201eOd vizije do biznisa: Put \u017eene preduzetnice\u201c, koja \u0107e biti odr\u017eana 19. marta u Ku\u0107i Milanovi\u0107a.<\/p>\n\n\n\n<p>U posljednjoj sedmici marta svakako o\u010dekuje nas \u201eIzbor najinspirativnije Banjalu\u010danke u oblasti obrazovanja\u201c, ali i predstava \u201eNe daj se generacijo\u201c u izvo\u0111enju Sarajevskog pozori\u0161ta mladih.<\/p>\n\n\n\n<p>Preuzeto sa: <a href=\"https:\/\/www.banjaluka.rs.ba\/za-zivot-zena-treca-sedmica-marta-u-zna\/\" target=\"_blank\" rel=\"noreferrer noopener\">banjaluka.rs.ba<\/a><\/p>\n","protected":false},"excerpt":{"rendered":"<p>Tre\u0107a sedmica kampanje \u201eZa \u017eivot \u017eena\u201c donosi zanimljiv program i bi\u0107e posve\u0107ena ekonomskom osna\u017eivanju. U narednim danima bi\u0107e organizovane zanimljive<\/p>\n","protected":false},"author":1,"featured_media":50866,"comment_status":"closed","ping_status":"open","sticky":false,"template":"","format":"standard","meta":{"om_disable_all_campaigns":false,"_monsterinsights_skip_tracking":false,"_monsterinsights_sitenote_active":false,"_monsterinsights_sitenote_note":"","_monsterinsights_sitenote_category":0,"footnotes":""},"categories":[2],"tags":[15064,8160,814],"class_list":["post-50856","post","type-post","status-publish","format-standard","has-post-thumbnail","hentry","category-vijesti","tag-ostazivanje","tag-za-zivot-zena","tag-zene"],"jetpack_featured_media_url":"https:\/\/www.mladibl.com\/wp-content\/uploads\/2026\/03\/Za-zivot-zena_-Treca-sedmica-marta-u-znaku-ekonomskog-osnazivanja-zena.jpg","amp_enabled":true,"_links":{"self":[{"href":"https:\/\/www.mladibl.com\/index.php?rest_route=\/wp\/v2\/posts\/50856","targetHints":{"allow":["GET"]}}],"collection":[{"href":"https:\/\/www.mladibl.com\/index.php?rest_route=\/wp\/v2\/posts"}],"about":[{"href":"https:\/\/www.mladibl.com\/index.php?rest_route=\/wp\/v2\/types\/post"}],"author":[{"embeddable":true,"href":"https:\/\/www.mladibl.com\/index.php?rest_route=\/wp\/v2\/users\/1"}],"replies":[{"embeddable":true,"href":"https:\/\/www.mladibl.com\/index.php?rest_route=%2Fwp%2Fv2%2Fcomments&post=50856"}],"version-history":[{"count":1,"href":"https:\/\/www.mladibl.com\/index.php?rest_route=\/wp\/v2\/posts\/50856\/revisions"}],"predecessor-version":[{"id":50867,"href":"https:\/\/www.mladibl.com\/index.php?rest_route=\/wp\/v2\/posts\/50856\/revisions\/50867"}],"wp:featuredmedia":[{"embeddable":true,"href":"https:\/\/www.mladibl.com\/index.php?rest_route=\/wp\/v2\/media\/50866"}],"wp:attachment":[{"href":"https:\/\/www.mladibl.com\/index.php?rest_route=%2Fwp%2Fv2%2Fmedia&parent=50856"}],"wp:term":[{"taxonomy":"category","embeddable":true,"href":"https:\/\/www.mladibl.com\/index.php?rest_route=%2Fwp%2Fv2%2Fcategories&post=50856"},{"taxonomy":"post_tag","embeddable":true,"href":"https:\/\/www.mladibl.com\/index.php?rest_route=%2Fwp%2Fv2%2Ftags&post=50856"}],"curies":[{"name":"wp","href":"https:\/\/api.w.org\/{rel}","templated":true}]}}