{"id":50823,"date":"2026-03-13T13:04:23","date_gmt":"2026-03-13T11:04:23","guid":{"rendered":"https:\/\/www.mladibl.com\/?p=50823"},"modified":"2026-03-13T13:04:30","modified_gmt":"2026-03-13T11:04:30","slug":"sta-podrazumijeva-civilna-obuka-mladih-u-banjaluci","status":"publish","type":"post","link":"https:\/\/www.mladibl.com\/?p=50823","title":{"rendered":"\u0160ta podrazumijeva civilna obuka mladih u Banjaluci?"},"content":{"rendered":"\n<p>Predlo\u017eenom odlukom o uspostavljanju civilne obuke mladih na podru\u010dju grada Banjaluke predvi\u0111eno je da mladi steknu znanja i vje\u0161tine kako bi bili spremniji i obu\u010deni za reagovanje u razli\u010ditim vanrednim situacijama.<\/p>\n\n\n\n<h2 class=\"wp-block-heading\">Dobrovoljna obuka za mlade od 18 do 25 godina<\/h2>\n\n\n\n<p>Naime, ovom odlukom, kako je navedeno, uspostavlja se civilna obuka mladih na podru\u010dju teritorije grada kao organizovani program obuke mladih lica, zasnovan na dobrovoljnom u\u010de\u0161\u0107u&nbsp;radi sticanja znanja i prakti\u010dnih vje\u0161tina za postupanje u slu\u010daju vanrednih situacija i drugih zadataka iz oblasti za\u0161tite i spasavanja.<\/p>\n\n\n\n<p>Kako dodaju, civilna obuka bi se odnosila na mlade od 18 do 25 godina, sa prebivali\u0161tem na podru\u010dju grada Banjaluka, a sprovodila bi se u skladu sa Planom i programom obuke koji donosi nadle\u017ena organizaciona jedinica Gradske uprave.<\/p>\n\n\n\n<h2 class=\"wp-block-heading\">Cilj je spremnost za elementarne nepogode i krizne situacije<\/h2>\n\n\n\n<p>Kako je navedeno u odluci, koja je me\u0111u predlo\u017eenim ta\u010dkama za sjednicu Skup\u0161tine grada zakazanu za 24. mart, cilj obuke je osposobljavanje mladih lica za bezbjedno i efikasno reagovanje u slu\u010daju elementarnih nepogoda i drugih nesre\u0107a.<\/p>\n\n\n\n<p>Tako\u0111e, cilj obuke je sticanje osnovnih znanja iz oblasti civilne za\u0161tite i sistema za\u0161tite i spasavanja, razvijanje timskog rada, discipline i dru\u0161tvene odgovornosti, ali i ja\u010danje ukupne otpornosti lokalne zajednice na situacije izazvane elementarnom nepogodom ili drugom nesre\u0107om.<\/p>\n\n\n\n<p>&#8220;Civilna obuka mladih realizovala bi se u formi kampa, u trajanju od 20 radnih dana, sa teorijskom i prakti\u010dnom nastavom, pri \u010demu prakti\u010dni dio \u010dini ve\u0107inski dio obuke. Obuku bi sproveli Odsjek za poslove civilne za\u0161tite i Profesionalna teritorijalna vatrogasno-spasila\u010dka jedinica grada, uz anga\u017eovanje stru\u010dnih lica, javnih ustanova i drugih relevantnih subjekata sistema za\u0161tite i spasavanja&#8221;, navode iz GU Banjaluka.<\/p>\n\n\n\n<h2 class=\"wp-block-heading\">Za\u0161to se uvodi civilna obuka mladih?<\/h2>\n\n\n\n<p>Kako je navedeno u obrazlo\u017eenju odluke, iskustva iz prethodnih godina pokazala su da nivo pripremljenosti stanovni\u0161tva za postupanje u kriznim situacijama nije zadovoljavaju\u0107i, posebno kada je rije\u010d o osnovnim znanjima i prakti\u010dnim vje\u0161tinama koje mogu biti presudne u prvim \u010dasovima nakon nastanka elementarne nepogode ili druge nesre\u0107e. Upravo taj&nbsp;period \u010desto odre\u0111uje razmjere posljedica po \u017eivote ljudi i materijalna dobra.<\/p>\n\n\n\n<p>&#8220;Mladi ljudi, kao fizi\u010dki sposobna, adaptabilna i dru\u0161tveno aktivna kategorija stanovni\u0161tva, predstavljaju zna\u010dajan potencijal za sistem za\u0161tite i spasavanja. Me\u0111utim, bez organizovane, stru\u010dne i prakti\u010dne obuke, taj potencijal ostaje nedovoljno iskori\u0161ten. Uspostavljanjem civilne obuke mladih, grada prvi put sistemski pristupa edukaciji mladih u oblasti za\u0161tite i spasavanja, kroz jedinstven i strukturisan program&#8221;, navedeno je u obrazlo\u017eenju.<\/p>\n\n\n\n<h2 class=\"wp-block-heading\">Nagla\u0161eno da obuka nema vojni karakter<\/h2>\n\n\n\n<p>Nagla\u0161eno je da civilna obuka mladih nema vojni karakter, niti predstavlja bilo kakav oblik vojne ili paravojne obuke.<\/p>\n\n\n\n<p>&#8220;Rije\u010d je isklju\u010divo o civilnoj, humanitarnoj i dru\u0161tveno korisnoj aktivnosti, usmjerenoj na za\u0161titu ljudi, imovine i \u017eivotne sredine. Na taj na\u010din, civilna obuka mladih je u potpunosti uskla\u0111ena sa principima civilne za\u0161tite i me\u0111unarodnim standardima u ovoj oblasti&#8221;, zaklju\u010deno je u obrazlo\u017eenju odluke o uspostavljanju civilne obuke mladih na podru\u010dju grada.<\/p>\n\n\n\n<p>Podsje\u0107amo, <a href=\"https:\/\/www.nezavisne.com\/novosti\/banjaluka\/Zakazana-7-redovna-sjednica-Skupstine-grada-Banjaluka-sta-je-na-dnevnom-redu\/955306\" target=\"_blank\" rel=\"noreferrer noopener\">inicijativu za ovu obuku ju\u010de su Gradu Banjaluka<\/a> i gradona\u010delniku Dra\u0161ku Stanivukovi\u0107u uputili predstavnici <a href=\"https:\/\/www.nezavisne.com\/novosti\/banjaluka\/banjaluka-dobrovoljni-civilni-rok-za-mlade\/955264\" target=\"_blank\" rel=\"noreferrer noopener\">Pokreta &#8220;Sigurna&nbsp; Srpska&#8221;<\/a>, predla\u017eu\u0107i uvo\u0111enje dobrovoljnog civilnog roka. Stanivukovi\u0107 je kazao&nbsp;da je planirano da obuka bude organizovana kroz kampove u kojima bi mladi sticali prakti\u010dna znanja o reagovanju u kriznim situacijama, ali i razvijali disciplinu, odgovornost i timski rad.<\/p>\n\n\n\n<h2 class=\"wp-block-heading\">Pilot-projekat za nekoliko stotina mladih<\/h2>\n\n\n\n<p>&#8220;Za po\u010detak \u0107emo pokrenuti pilot-projekat na koji \u0107e mo\u0107i da se prijavi nekoliko stotina ili hiljada mladih ljudi. Grad Banjaluka je ve\u0107 obezbijedio sredstva i prostor na Manja\u010di, gdje bi se organizovala obuka, a dugoro\u010dni cilj je da se kroz zakon ovakva obuka uredi na nivou Republike Srpske&#8221;, rekao je Stanivukovi\u0107. On je pozvao odbornike da podr\u017ee ovu inicijativu, isti\u010du\u0107i da obu\u010deni i odgovorni mladi ljudi predstavljaju va\u017ean temelj sigurnog i otpornog dru\u0161tva.<\/p>\n\n\n\n<p>&#8220;Mi, kao Pokret &#8216;Sigurna Srpska&#8217;, pripremamo zakon o dobrovoljnom civilnom roku. Dok zakon ne bude usvojen, definisa\u0107emo ga kroz na\u0161e projekte. Cilj je da Republika Srpska ima obu\u010denu i disciplinovanu mladu generaciju, odgovorne gra\u0111ane koji znaju kako da se pona\u0161aju u vanrednim situacijama. Mladi \u0107e nakon osnovne i srednje \u0161kole, tokom dvomjese\u010dnog kampa, pro\u0107i obuku i trening, uz rad na\u0161ih najboljih komandanta i stru\u010dnjaka iz oblasti civilne za\u0161tite. Ovo je projekat kroz koji \u017eelimo da stvorimo zdravu naciju i temelj za budu\u0107e dru\u0161tvo&#8221;, kazao je on.<\/p>\n\n\n\n<p>Kako je rekao, Grad Banjaluka je obezbijedio prostor i objekte na Manja\u010di, gdje \u0107e mladi u\u010diti u adekvatnim uslovima. &#8220;Na po\u010detku \u0107e projekat obuhvatiti do 500 mladih ljudi, a u narednom periodu planiramo da ga pro\u0161irimo&#8221;, kazao je on.<\/p>\n\n\n\n<p>Preuzeto sa: <a href=\"https:\/\/www.nezavisne.com\/novosti\/banjaluka\/civilna-obuka-mladih-banjaluka\/955449\" target=\"_blank\" rel=\"noreferrer noopener\">nezavisne.com<\/a><\/p>\n","protected":false},"excerpt":{"rendered":"<p>Predlo\u017eenom odlukom o uspostavljanju civilne obuke mladih na podru\u010dju grada Banjaluke predvi\u0111eno je da mladi steknu znanja i vje\u0161tine kako<\/p>\n","protected":false},"author":1,"featured_media":50833,"comment_status":"closed","ping_status":"open","sticky":false,"template":"","format":"standard","meta":{"om_disable_all_campaigns":false,"_monsterinsights_skip_tracking":false,"_monsterinsights_sitenote_active":false,"_monsterinsights_sitenote_note":"","_monsterinsights_sitenote_category":0,"footnotes":""},"categories":[2],"tags":[53,15057],"class_list":["post-50823","post","type-post","status-publish","format-standard","has-post-thumbnail","hentry","category-vijesti","tag-banja-luka","tag-civilna-obuka"],"jetpack_featured_media_url":"https:\/\/www.mladibl.com\/wp-content\/uploads\/2026\/03\/Sta-podrazumijeva-civilna-obuka-mladih-u-Banjaluci_.jpg","amp_enabled":true,"_links":{"self":[{"href":"https:\/\/www.mladibl.com\/index.php?rest_route=\/wp\/v2\/posts\/50823","targetHints":{"allow":["GET"]}}],"collection":[{"href":"https:\/\/www.mladibl.com\/index.php?rest_route=\/wp\/v2\/posts"}],"about":[{"href":"https:\/\/www.mladibl.com\/index.php?rest_route=\/wp\/v2\/types\/post"}],"author":[{"embeddable":true,"href":"https:\/\/www.mladibl.com\/index.php?rest_route=\/wp\/v2\/users\/1"}],"replies":[{"embeddable":true,"href":"https:\/\/www.mladibl.com\/index.php?rest_route=%2Fwp%2Fv2%2Fcomments&post=50823"}],"version-history":[{"count":1,"href":"https:\/\/www.mladibl.com\/index.php?rest_route=\/wp\/v2\/posts\/50823\/revisions"}],"predecessor-version":[{"id":50834,"href":"https:\/\/www.mladibl.com\/index.php?rest_route=\/wp\/v2\/posts\/50823\/revisions\/50834"}],"wp:featuredmedia":[{"embeddable":true,"href":"https:\/\/www.mladibl.com\/index.php?rest_route=\/wp\/v2\/media\/50833"}],"wp:attachment":[{"href":"https:\/\/www.mladibl.com\/index.php?rest_route=%2Fwp%2Fv2%2Fmedia&parent=50823"}],"wp:term":[{"taxonomy":"category","embeddable":true,"href":"https:\/\/www.mladibl.com\/index.php?rest_route=%2Fwp%2Fv2%2Fcategories&post=50823"},{"taxonomy":"post_tag","embeddable":true,"href":"https:\/\/www.mladibl.com\/index.php?rest_route=%2Fwp%2Fv2%2Ftags&post=50823"}],"curies":[{"name":"wp","href":"https:\/\/api.w.org\/{rel}","templated":true}]}}