{"id":50814,"date":"2026-03-11T23:32:19","date_gmt":"2026-03-11T21:32:19","guid":{"rendered":"https:\/\/www.mladibl.com\/?p=50814"},"modified":"2026-03-11T23:32:26","modified_gmt":"2026-03-11T21:32:26","slug":"javni-poziv-program-podrske-msp-u-procesu-zelene-tranzicije","status":"publish","type":"post","link":"https:\/\/www.mladibl.com\/?p=50814","title":{"rendered":"JAVNI POZIV: Program podr\u0161ke MSP u procesu zelene tranzicije"},"content":{"rendered":"\n<p>Privredna komora Republike Srpske objavljuje Javni poziv za izbor najmanje 10 malih i srednjih preduze\u0107a kojima \u0107e biti pru\u017eena stru\u010dna i operativna podr\u0161ka u procesima zelene tranzicije, kroz projekat \u201eDigitalno odr\u017eiva zelena tranzicija malih i srednjih preduze\u0107a u RS \u2013 DiGreenSMEs\u201c.<\/p>\n\n\n\n<p>\ud83c\udf31 Projekat implementira Privredna komora Republike Srpske uz finansijsku podr\u0161ku Evropske unije (EU) i Vlade SR Njema\u010dke kroz Inicijativu za razvoj privatnog sektora u BiH, koji je dio \u0161ireg GIZ-ovog programa \u201eOdr\u017eivi ekonomski razvoj i promocija zapo\u0161ljavanja (SEDEP) u BIH\u201c.<\/p>\n\n\n\n<p>Ovaj program podr\u0161ke usmjeren je na ja\u010danje kapaciteta izvozno orijentisanih MSP kroz integraciju digitalnih rje\u0161enja na polju zelene tranzicije.<\/p>\n\n\n\n<p>\ud83d\udca1&nbsp;<strong>Odabrana preduze\u0107a \u0107e dobiti:<\/strong><\/p>\n\n\n\n<ul class=\"wp-block-list\">\n<li>Konsultantsku podr\u0161ku (analiza digitalne i zelene spremnosti)<\/li>\n\n\n\n<li>Izradu individualizovane mape puta zelene tranzicije<\/li>\n\n\n\n<li>Podr\u0161ku u implementaciji digitalnih rje\u0161enja<\/li>\n<\/ul>\n\n\n\n<p>\ud83d\udc49&nbsp;<strong>Ko se mo\u017ee prijaviti?<\/strong><\/p>\n\n\n\n<ul class=\"wp-block-list\">\n<li>Mala i srednja preduze\u0107a<\/li>\n\n\n\n<li>Registrovana kao d.o.o. ili a.d.<\/li>\n\n\n\n<li>Preduze\u0107a registrovana na teritoriji Republike Srpske najmanje tri godine prije objave Javnog poziva<\/li>\n\n\n\n<li>Izvozno orijentisana preduze\u0107a<\/li>\n\n\n\n<li>Preduze\u0107a zainteresovana za unapre\u0111enje poslovnih procesa kroz digitalizaciju i zelene prakse<\/li>\n<\/ul>\n\n\n\n<p>\ud83d\udccc&nbsp;<strong>Rok za podno\u0161enje prijava:<\/strong>&nbsp;petak, 27.03.2026. godine do 16:00 \u010dasova.<\/p>\n\n\n\n<p>\ud83d\udd17 Detalji javnog poziva i prijavni obrasci dostupni su na internet stranici PKRS:&nbsp;<a href=\"https:\/\/www.google.com\/url?sa=E&amp;q=http%3A%2F%2Fwww.komorars.ba\" target=\"_blank\" rel=\"noreferrer noopener\">www.komorars.ba<\/a>, a prijava za u\u010de\u0161\u0107e u Programu podr\u0161ke malim i srednjim preduze\u0107ima u procesu zelene tranzicije dostavlja se na e-mail: <a href=\"mailto:nikolinad@komorars.ba\">nikolinad@komorars.ba<\/a><\/p>\n\n\n\n<p>Kontakt osoba u Privrednoj komori Republike Srpske:<\/p>\n\n\n\n<p>Nikolina Doronti\u0107 Alibabi\u0107, telefon: 051 493 138, e-mail: <a href=\"mailto:nikolinad@komorars.ba\">nikolinad@komorars.ba<\/a><\/p>\n\n\n\n<p>\u201cZAJEDNO OBLIKUJEMO KONKURENTNU EKONOMIJU U BiH\u201d<\/p>\n\n\n\n<p><a href=\"https:\/\/komorars.ba\/wp-content\/uploads\/2026\/03\/Poziv-za-podrsku-MSP-DiGreenSMEs.pdf\">Poziv za podrsku MSP-DiGreenSMEs<\/a><a href=\"https:\/\/komorars.ba\/wp-content\/uploads\/2026\/03\/Poziv-za-podrsku-MSP-DiGreenSMEs.pdf\">Preuzmi<\/a><\/p>\n\n\n\n<p><a href=\"https:\/\/komorars.ba\/wp-content\/uploads\/2026\/03\/Prilog-1-Prijavni-obrazac.docx\">Prilog 1-Prijavni obrazac<\/a><a href=\"https:\/\/komorars.ba\/wp-content\/uploads\/2026\/03\/Prilog-1-Prijavni-obrazac.docx\">Preuzmi<\/a><\/p>\n\n\n\n<p><a href=\"https:\/\/komorars.ba\/wp-content\/uploads\/2026\/03\/Kriterijumi-Podrska-MSP-DiGreenSMEs.pdf\">Kriterijumi Podr\u0161ka MSP-DiGreenSMEs<\/a><a href=\"https:\/\/komorars.ba\/wp-content\/uploads\/2026\/03\/Kriterijumi-Podrska-MSP-DiGreenSMEs.pdf\">Preuzmi<\/a><\/p>\n\n\n\n<p>Preuzeto sa: <a href=\"https:\/\/komorars.ba\/javni-poziv-program-podrske-msp-u-procesu-zelene-tranzicije\/\" target=\"_blank\" rel=\"noreferrer noopener\">komorars.ba<\/a><\/p>\n","protected":false},"excerpt":{"rendered":"<p>Privredna komora Republike Srpske objavljuje Javni poziv za izbor najmanje 10 malih i srednjih preduze\u0107a kojima \u0107e biti pru\u017eena stru\u010dna<\/p>\n","protected":false},"author":1,"featured_media":50793,"comment_status":"closed","ping_status":"open","sticky":false,"template":"","format":"standard","meta":{"om_disable_all_campaigns":false,"_monsterinsights_skip_tracking":false,"_monsterinsights_sitenote_active":false,"_monsterinsights_sitenote_note":"","_monsterinsights_sitenote_category":0,"footnotes":""},"categories":[370],"tags":[840,526,5695,1102,14149],"class_list":["post-50814","post","type-post","status-publish","format-standard","has-post-thumbnail","hentry","category-ostalo","tag-mala-i-srednja-preduzeca","tag-podrska","tag-proces","tag-program","tag-zelena-tranzicija"],"jetpack_featured_media_url":"https:\/\/www.mladibl.com\/wp-content\/uploads\/2026\/03\/JAVNI-POZIV_-Program-podrske-MSP-u-procesu-zelene-tranzicije.jpg","amp_enabled":true,"_links":{"self":[{"href":"https:\/\/www.mladibl.com\/index.php?rest_route=\/wp\/v2\/posts\/50814","targetHints":{"allow":["GET"]}}],"collection":[{"href":"https:\/\/www.mladibl.com\/index.php?rest_route=\/wp\/v2\/posts"}],"about":[{"href":"https:\/\/www.mladibl.com\/index.php?rest_route=\/wp\/v2\/types\/post"}],"author":[{"embeddable":true,"href":"https:\/\/www.mladibl.com\/index.php?rest_route=\/wp\/v2\/users\/1"}],"replies":[{"embeddable":true,"href":"https:\/\/www.mladibl.com\/index.php?rest_route=%2Fwp%2Fv2%2Fcomments&post=50814"}],"version-history":[{"count":1,"href":"https:\/\/www.mladibl.com\/index.php?rest_route=\/wp\/v2\/posts\/50814\/revisions"}],"predecessor-version":[{"id":50815,"href":"https:\/\/www.mladibl.com\/index.php?rest_route=\/wp\/v2\/posts\/50814\/revisions\/50815"}],"wp:featuredmedia":[{"embeddable":true,"href":"https:\/\/www.mladibl.com\/index.php?rest_route=\/wp\/v2\/media\/50793"}],"wp:attachment":[{"href":"https:\/\/www.mladibl.com\/index.php?rest_route=%2Fwp%2Fv2%2Fmedia&parent=50814"}],"wp:term":[{"taxonomy":"category","embeddable":true,"href":"https:\/\/www.mladibl.com\/index.php?rest_route=%2Fwp%2Fv2%2Fcategories&post=50814"},{"taxonomy":"post_tag","embeddable":true,"href":"https:\/\/www.mladibl.com\/index.php?rest_route=%2Fwp%2Fv2%2Ftags&post=50814"}],"curies":[{"name":"wp","href":"https:\/\/api.w.org\/{rel}","templated":true}]}}