{"id":50808,"date":"2026-03-11T23:27:03","date_gmt":"2026-03-11T21:27:03","guid":{"rendered":"https:\/\/www.mladibl.com\/?p=50808"},"modified":"2026-03-11T23:43:23","modified_gmt":"2026-03-11T21:43:23","slug":"regionalna-erasmus-prezentacija","status":"publish","type":"post","link":"https:\/\/www.mladibl.com\/?p=50808","title":{"rendered":"Regionalna Erasmus+ prezentacija"},"content":{"rendered":"\n<p>Regionalna Erasmus+ prezentacija u Centru za djecu, mlade i porodicu Lakta\u0161i\u2728<br><br>Centar za djecu, mlade i porodicu Lakta\u0161i organizuje regionalnu prezentaciju Erasmus+ programa, koja \u0107e biti odr\u017eana 16. marta 2026. godine u 13:00 \u010dasova u prostorijama Centra. \ud83c\udf0d<br><br>Doga\u0111aj je namijenjen predstavnicima organizacija civilnog dru\u0161tva, mladima kao i svim zainteresovanim gra\u0111anima koji \u017eele da saznaju vi\u0161e o mogu\u0107nostima koje nudi Erasmus+ program. \ud83c\udf93<br><br>Ova prezentacija ima regionalni karakter, te ovim putem pozivamo organizacije, omladinske centre i institucije iz regiona, kao i sve pojedince zainteresovane za me\u0111unarodnu saradnju i razvoj projekata, da nam se pridru\u017ee. Doga\u0111aj je prilika za razmjenu iskustava, umre\u017eavanje i upoznavanje potencijalnih partnera za budu\u0107e Erasmus+ projekte. \ud83c\udf10<br><br>Pozivamo sve zainteresovane da nam se pridru\u017ee 16. marta u 13:00 \u010dasova i saznaju kako Erasmus+ mo\u017ee otvoriti vrata novim prilikama za u\u010denje, putovanja i li\u010dni razvoj.<\/p>\n\n\n\n<p>Preuzeto sa: <a href=\"https:\/\/www.instagram.com\/p\/DVvRN2YiGKC\" target=\"_blank\" rel=\"noreferrer noopener\">Instagram<\/a><\/p>\n","protected":false},"excerpt":{"rendered":"<p>Regionalna Erasmus+ prezentacija u Centru za djecu, mlade i porodicu Lakta\u0161i\u2728 Centar za djecu, mlade i porodicu Lakta\u0161i organizuje regionalnu<\/p>\n","protected":false},"author":1,"featured_media":50796,"comment_status":"closed","ping_status":"open","sticky":false,"template":"","format":"standard","meta":{"om_disable_all_campaigns":false,"_monsterinsights_skip_tracking":false,"_monsterinsights_sitenote_active":false,"_monsterinsights_sitenote_note":"","_monsterinsights_sitenote_category":0,"footnotes":""},"categories":[6,8692],"tags":[20,2940,1984],"class_list":["post-50808","post","type-post","status-publish","format-standard","has-post-thumbnail","hentry","category-dogadjaji","category-izdvajamo","tag-erasmus","tag-prezentacija","tag-regionalna"],"jetpack_featured_media_url":"https:\/\/www.mladibl.com\/wp-content\/uploads\/2026\/03\/Regionalna-Erasmus-prezentacija.jpg","amp_enabled":true,"_links":{"self":[{"href":"https:\/\/www.mladibl.com\/index.php?rest_route=\/wp\/v2\/posts\/50808","targetHints":{"allow":["GET"]}}],"collection":[{"href":"https:\/\/www.mladibl.com\/index.php?rest_route=\/wp\/v2\/posts"}],"about":[{"href":"https:\/\/www.mladibl.com\/index.php?rest_route=\/wp\/v2\/types\/post"}],"author":[{"embeddable":true,"href":"https:\/\/www.mladibl.com\/index.php?rest_route=\/wp\/v2\/users\/1"}],"replies":[{"embeddable":true,"href":"https:\/\/www.mladibl.com\/index.php?rest_route=%2Fwp%2Fv2%2Fcomments&post=50808"}],"version-history":[{"count":1,"href":"https:\/\/www.mladibl.com\/index.php?rest_route=\/wp\/v2\/posts\/50808\/revisions"}],"predecessor-version":[{"id":50809,"href":"https:\/\/www.mladibl.com\/index.php?rest_route=\/wp\/v2\/posts\/50808\/revisions\/50809"}],"wp:featuredmedia":[{"embeddable":true,"href":"https:\/\/www.mladibl.com\/index.php?rest_route=\/wp\/v2\/media\/50796"}],"wp:attachment":[{"href":"https:\/\/www.mladibl.com\/index.php?rest_route=%2Fwp%2Fv2%2Fmedia&parent=50808"}],"wp:term":[{"taxonomy":"category","embeddable":true,"href":"https:\/\/www.mladibl.com\/index.php?rest_route=%2Fwp%2Fv2%2Fcategories&post=50808"},{"taxonomy":"post_tag","embeddable":true,"href":"https:\/\/www.mladibl.com\/index.php?rest_route=%2Fwp%2Fv2%2Ftags&post=50808"}],"curies":[{"name":"wp","href":"https:\/\/api.w.org\/{rel}","templated":true}]}}