{"id":50775,"date":"2026-03-10T21:40:47","date_gmt":"2026-03-10T19:40:47","guid":{"rendered":"https:\/\/www.mladibl.com\/?p=50775"},"modified":"2026-03-10T21:40:54","modified_gmt":"2026-03-10T19:40:54","slug":"most-u-cesmi-pred-zavrsetkom-otvaranje-za-desetak-dana","status":"publish","type":"post","link":"https:\/\/www.mladibl.com\/?p=50775","title":{"rendered":"Most u \u010cesmi pred zavr\u0161etkom: Otvaranje za desetak dana"},"content":{"rendered":"\n<p>Novi most u banjalu\u010dkom naselju \u010cesma trebalo bi da bude otvoren za desetak dana, najavio je danas Zoran Stevanovi\u0107, ministar saobra\u0107aja i veza Republike Srpske.<\/p>\n\n\n\n<p>&#8220;O\u010dekujem da \u0107e most do 20. marta ili koji dan poslije, imaju\u0107i u vidu neke dodatne radove koje smo preuzeli, kona\u010dno biti predat na kori\u0161tenje svim ljudima koji ovdje \u017eive&#8221;, rekao je Stevanovi\u0107 nakon \u0161to je sa&nbsp; Miroslavom Jankovi\u0107em&nbsp; v.d. direktora &#8220;Puteva Republike Srpske&#8221;, obi\u0161ao zavr\u0161ne radove na izgradnji mosta.<\/p>\n\n\n\n<p>Stevanovi\u0107 je podsjetio da je ovo&nbsp; ministarstvo od prvog dana, kada je Vlada Republike preuzela rje\u0161avanje problema zavr\u0161etka radova na mostu i njegovoj okolini, bilo pokrovitelj desetina sastanaka sa predstavnicima Grada Banjaluka, vlasnicima imovine i drugima.<\/p>\n\n\n\n<p>&#8220;Uspjeli smo sve to da rije\u0161imo, odnosno da se usaglase trasa, imovinski odnosi, te dobiju potvrde vlasnika da se radovi mogu izvoditi. Sada smo pri samom kraju radova&#8221;, istakao je Stevanovi\u0107.<\/p>\n\n\n\n<p>Podsjetimo, ranijim odlukama Vlade Republike Srpske preduze\u0107e &#8220;Putevi Srpske&#8221; preuzelo je obaveze da zavr\u0161i most u \u010cesmi, kao i pristupne puteve tom objektu, iako je prvobitno postojao dogovor da pristupne saobra\u0107ajnice izgradi Grad Banjaluka.<\/p>\n\n\n\n<p>Preuzeto sa: <a href=\"https:\/\/www.nezavisne.com\/novosti\/banjaluka\/Most-u-Cesmi-pred-zavrsetkom-Otvaranje-za-desetak-dana\/954900\" target=\"_blank\" rel=\"noreferrer noopener\">nezavisne.com<\/a><\/p>\n","protected":false},"excerpt":{"rendered":"<p>Novi most u banjalu\u010dkom naselju \u010cesma trebalo bi da bude otvoren za desetak dana, najavio je danas Zoran Stevanovi\u0107, ministar<\/p>\n","protected":false},"author":1,"featured_media":50766,"comment_status":"closed","ping_status":"open","sticky":false,"template":"","format":"standard","meta":{"om_disable_all_campaigns":false,"_monsterinsights_skip_tracking":false,"_monsterinsights_sitenote_active":false,"_monsterinsights_sitenote_note":"","_monsterinsights_sitenote_category":0,"footnotes":""},"categories":[2],"tags":[99,3014],"class_list":["post-50775","post","type-post","status-publish","format-standard","has-post-thumbnail","hentry","category-vijesti","tag-cesma","tag-most"],"jetpack_featured_media_url":"https:\/\/www.mladibl.com\/wp-content\/uploads\/2026\/03\/Most-u-Cesmi-pred-zavrsetkom_-Otvaranje-za-desetak-dana.jpg","amp_enabled":true,"_links":{"self":[{"href":"https:\/\/www.mladibl.com\/index.php?rest_route=\/wp\/v2\/posts\/50775","targetHints":{"allow":["GET"]}}],"collection":[{"href":"https:\/\/www.mladibl.com\/index.php?rest_route=\/wp\/v2\/posts"}],"about":[{"href":"https:\/\/www.mladibl.com\/index.php?rest_route=\/wp\/v2\/types\/post"}],"author":[{"embeddable":true,"href":"https:\/\/www.mladibl.com\/index.php?rest_route=\/wp\/v2\/users\/1"}],"replies":[{"embeddable":true,"href":"https:\/\/www.mladibl.com\/index.php?rest_route=%2Fwp%2Fv2%2Fcomments&post=50775"}],"version-history":[{"count":1,"href":"https:\/\/www.mladibl.com\/index.php?rest_route=\/wp\/v2\/posts\/50775\/revisions"}],"predecessor-version":[{"id":50776,"href":"https:\/\/www.mladibl.com\/index.php?rest_route=\/wp\/v2\/posts\/50775\/revisions\/50776"}],"wp:featuredmedia":[{"embeddable":true,"href":"https:\/\/www.mladibl.com\/index.php?rest_route=\/wp\/v2\/media\/50766"}],"wp:attachment":[{"href":"https:\/\/www.mladibl.com\/index.php?rest_route=%2Fwp%2Fv2%2Fmedia&parent=50775"}],"wp:term":[{"taxonomy":"category","embeddable":true,"href":"https:\/\/www.mladibl.com\/index.php?rest_route=%2Fwp%2Fv2%2Fcategories&post=50775"},{"taxonomy":"post_tag","embeddable":true,"href":"https:\/\/www.mladibl.com\/index.php?rest_route=%2Fwp%2Fv2%2Ftags&post=50775"}],"curies":[{"name":"wp","href":"https:\/\/api.w.org\/{rel}","templated":true}]}}