{"id":5032,"date":"2020-12-21T12:14:36","date_gmt":"2020-12-21T10:14:36","guid":{"rendered":"http:\/\/www.mladibl.com\/?p=5032"},"modified":"2020-12-21T12:14:38","modified_gmt":"2020-12-21T10:14:38","slug":"nagrada-kaiser-maximilian-preis-za-evropske-zasluge-na-regionalnom-i-lokalnom-nivou-za-2021-godinu","status":"publish","type":"post","link":"https:\/\/www.mladibl.com\/?p=5032","title":{"rendered":"Nagrada Kaiser-Maximilian-Preis za evropske zasluge na regionalnom i lokalnom nivou za 2021. godinu"},"content":{"rendered":"\n<p>Savezna pokrajina Tirol i grad Innsbruck su povodom navr\u0161avanja 85. godine \u017eivota dugogodi\u0161njeg gradona\u010delnika grada Innsbruck i predsjednika pokrajinskog parlamenta Tirola dr. Aloisa Luggera (\u2020) kao priznanje za njegove zasluge u Evropi 1997. godine utemeljili nagradu Kaiser-Maximilian-Preis, evropsku nagradu za regionalnu i lokalnu politiku savezne pokrajine Tirol i grada Innsbrucka.<\/p>\n\n\n\n<p>Tokom priprema za godinu sje\u0107anja na cara Maksimilijana 2019. godine savezna pokrajina Tirol i grad Innsbruck ponovno su pripremili nagradu KaiserMaximilian- Preis.<\/p>\n\n\n\n<p>Dodjelom ove nagrade odlikuju se izvanredni projekti osoba, institucija,odnosno organizacija putem kojih se posti\u017ee europska vi\u0161a vrijednost na regionalnom i\/ili lokalnom nivou. Podnosioci projekta moraju biti pouzdani i u stanju provesti i zavr\u0161iti projekt.<\/p>\n\n\n\n<p>Posebno se uzimaju u obzir projekti koji se na poseban na\u010din \u010dine zaslu\u017enim za evropsko razumijevanje i konsolidaciju Evrope, miran su\u017eivot i slogu u Evropi. Potrebno je navesti vezu s lokalnim i regionalnim nivoom. Podneseni projekti moraju pru\u017eati mogu\u0107nost provo\u0111enja dokazanih praksi i njihovog preno\u0161enja kao najboljih praksi na druge op\u0107ine i regije.<\/p>\n\n\n\n<p>Evropsku misao potrebno je ja\u010dati kod gra\u0111anki i gra\u0111ana velikim u\u010dinkom na javnost. Projekt ne smije biti usmjeren na dobit ili ostvarenje druge prednosti uz imovinsku korist i ne smije se kositi sa zakonskim odredbama ili op\u0107im evropskim pravnim na\u010delima.<\/p>\n\n\n\n<p>Podneseni projekti trebaju imati inovativan smjer, nove pristupe, odnosno slijediti metode organizacije i sadr\u017eavati procjenu u\u010dinaka, odnosno razvoja u pogledu ciljeva projekta koji se slijede, odnosno o\u010dekivanih u\u010dinaka. Ovdje su mjerodavni vi\u0161estruki aspekti evropske integracije. Odlu\u010duju\u0107i kriteriji su pritom u\u010dinkovitost projekta, odr\u017eivost i kreativnost, kao i fokus na pokretanju drugih ciljnih grupa u samostalnom anga\u017emanu u pogledu savladavanja izazova u Evropi.<\/p>\n\n\n\n<p>Nagrada Kaiser-Maximilian-Preis dodjeljuje se svake dvije godine. Nagrada se sastoji od povelje, medalje (lik Cara Maksimilijana I. iz 1509.) i nov\u010dane nagrade u visini od 10.000 EUR. Nov\u010dana nagrada namijenjena je za izvrstan Seite 2 von 2 projekt. Nagrada se dodjeljuje osobi, instituciji, odnosno organizaciji za evropske zasluge na regionalnom i lokalnom nivou.<\/p>\n\n\n\n<p>Projekte je potrebno podnijeti online putem integrirane platforme za prijavu na internetskoj stranici www.kaisermaximilianpreis.at. Projekte je potrebno podnijeti na njema\u010dkom, francuskom ili engleskom jeziku.<\/p>\n\n\n\n<p>Krajnji rok za prijavu je 31. januar 2021. godine.<\/p>\n\n\n\n<p><strong><a href=\"https:\/\/www.mreza-mira.net\/wp-content\/uploads\/2020\/11\/Dopis-Nagrada-Kaiser-Maximilians-Preis.pdf\">Dopis-Nagrada-Kaiser-Maximilians-Preis<\/a><\/strong><\/p>\n\n\n\n<p>Preuzeto sa: <a href=\"https:\/\/www.mreza-mira.net\/vijesti\/takmicenja-nagrade\/konkurs-nagrada-kaiser-maximilian-preis-za-evropske-zasluge\/\" target=\"_blank\" rel=\"noreferrer noopener\" aria-label=\"mreza-mira.net (opens in a new tab)\">mreza-mira.net<\/a><\/p>\n","protected":false},"excerpt":{"rendered":"<p>Savezna pokrajina Tirol i grad Innsbruck su povodom navr\u0161avanja 85. godine \u017eivota dugogodi\u0161njeg gradona\u010delnika grada Innsbruck i predsjednika pokrajinskog parlamenta<\/p>\n","protected":false},"author":1,"featured_media":5033,"comment_status":"closed","ping_status":"open","sticky":false,"template":"","format":"standard","meta":{"om_disable_all_campaigns":false,"_monsterinsights_skip_tracking":false,"_monsterinsights_sitenote_active":false,"_monsterinsights_sitenote_note":"","_monsterinsights_sitenote_category":0,"footnotes":""},"categories":[1461],"tags":[2559,2558,306,2561,47,2562,2560],"class_list":["post-5032","post","type-post","status-publish","format-standard","has-post-thumbnail","hentry","category-konkursi","tag-evropske-zasluge","tag-kaiser-maximilian-preis","tag-konkurs","tag-lokalni","tag-nagrada","tag-nivo","tag-regionalni"],"jetpack_featured_media_url":"https:\/\/www.mladibl.com\/wp-content\/uploads\/2020\/12\/Nagrada-Kaiser-Maximilian-Preis.jpg","amp_enabled":true,"_links":{"self":[{"href":"https:\/\/www.mladibl.com\/index.php?rest_route=\/wp\/v2\/posts\/5032","targetHints":{"allow":["GET"]}}],"collection":[{"href":"https:\/\/www.mladibl.com\/index.php?rest_route=\/wp\/v2\/posts"}],"about":[{"href":"https:\/\/www.mladibl.com\/index.php?rest_route=\/wp\/v2\/types\/post"}],"author":[{"embeddable":true,"href":"https:\/\/www.mladibl.com\/index.php?rest_route=\/wp\/v2\/users\/1"}],"replies":[{"embeddable":true,"href":"https:\/\/www.mladibl.com\/index.php?rest_route=%2Fwp%2Fv2%2Fcomments&post=5032"}],"version-history":[{"count":1,"href":"https:\/\/www.mladibl.com\/index.php?rest_route=\/wp\/v2\/posts\/5032\/revisions"}],"predecessor-version":[{"id":5034,"href":"https:\/\/www.mladibl.com\/index.php?rest_route=\/wp\/v2\/posts\/5032\/revisions\/5034"}],"wp:featuredmedia":[{"embeddable":true,"href":"https:\/\/www.mladibl.com\/index.php?rest_route=\/wp\/v2\/media\/5033"}],"wp:attachment":[{"href":"https:\/\/www.mladibl.com\/index.php?rest_route=%2Fwp%2Fv2%2Fmedia&parent=5032"}],"wp:term":[{"taxonomy":"category","embeddable":true,"href":"https:\/\/www.mladibl.com\/index.php?rest_route=%2Fwp%2Fv2%2Fcategories&post=5032"},{"taxonomy":"post_tag","embeddable":true,"href":"https:\/\/www.mladibl.com\/index.php?rest_route=%2Fwp%2Fv2%2Ftags&post=5032"}],"curies":[{"name":"wp","href":"https:\/\/api.w.org\/{rel}","templated":true}]}}