{"id":4998,"date":"2020-12-19T12:36:24","date_gmt":"2020-12-19T10:36:24","guid":{"rendered":"http:\/\/www.mladibl.com\/?p=4998"},"modified":"2020-12-19T12:36:26","modified_gmt":"2020-12-19T10:36:26","slug":"kovidi-mlade","status":"publish","type":"post","link":"https:\/\/www.mladibl.com\/?p=4998","title":{"rendered":"(KO)VIDI mlade?"},"content":{"rendered":"\n<p>Godi\u0161nji doga\u0111aj Instituta za razvoj mladih KULT okupit \u0107e omladinske lidere\/ice, politi\u010dke omladinske lidere\/ice i slu\u017ebenike\/ce za mlade kako bi uradili zajedni\u010dki osvrt na 2020. godinu i razmotrili kako i koliko su mladi vidljivi u na\u0161em dru\u0161tvu, te dali smjernice za zajedni\u010dko djelovanje i rad s mladima u narednom periodu.<\/p>\n\n\n\n<p>Istovremeno doga\u0111aj je prilika za proslavu svih pojedina\u010dnih i grupnih uspjeha slu\u017ebenika\/ca za mlade, omladinskih lidera\/ica i politi\u010dkih omladinskih lidera\/ica i organizacija civilnog dru\u0161tva koji su ostvareni u 2020. godini u saradnji sa Institutom i drugim relevantnim akterima. Kroz doga\u0111aj \u017eelimo posebno proslaviti mlade koji su pokrenuli inicijative u svojim lokalnim zajednicama, vodili i vode nove procese, predlagali i predla\u017eu sistemska rje\u0161enja za pitanja mladih, te slu\u017ebenike\/ce koji podr\u017eavaju napore mladih ljudi u BiH.<\/p>\n\n\n\n<p>Doga\u0111aj se organizira u cilju promocije uspje\u0161nih pri\u010da za razvoj omladinskog sektora, ali i inspiracije za dalje zajedni\u010dko djelovanje za bolji polo\u017eaj mladih u Bosni i Hercegovini.<\/p>\n\n\n\n<p>Tokom cijele godine Institut je intenzivno radio na sistemskim i drugim rje\u0161enjima za mlade, podr\u017eavao njihove ideje i zagovarao kod predstavnika vlasti bolji polo\u017eaj mladih u BiH. Zahvaljujemo se svim na\u0161im donatorima i partnerima koji su nas podr\u017eali u na\u0161em radu.<\/p>\n\n\n\n<p>Preuzeto sa: <a href=\"https:\/\/www.facebook.com\/events\/400843371263917\/\" target=\"_blank\" rel=\"noreferrer noopener\" aria-label=\"FB event (opens in a new tab)\">FB event<\/a><\/p>\n","protected":false},"excerpt":{"rendered":"<p>Godi\u0161nji doga\u0111aj Instituta za razvoj mladih KULT okupit \u0107e omladinske lidere\/ice, politi\u010dke omladinske lidere\/ice i slu\u017ebenike\/ce za mlade kako bi<\/p>\n","protected":false},"author":1,"featured_media":4999,"comment_status":"closed","ping_status":"open","sticky":false,"template":"","format":"standard","meta":{"om_disable_all_campaigns":false,"_monsterinsights_skip_tracking":false,"_monsterinsights_sitenote_active":false,"_monsterinsights_sitenote_note":"","_monsterinsights_sitenote_category":0,"footnotes":""},"categories":[6],"tags":[2539,157,2348,142,408],"class_list":["post-4998","post","type-post","status-publish","format-standard","has-post-thumbnail","hentry","category-dogadjaji","tag-kovidi-mlade","tag-kult","tag-omladinski-lideri","tag-omladinski-rad","tag-omladinski-radnici"],"jetpack_featured_media_url":"https:\/\/www.mladibl.com\/wp-content\/uploads\/2020\/12\/KOVIDI-mlade_.jpg","amp_enabled":true,"_links":{"self":[{"href":"https:\/\/www.mladibl.com\/index.php?rest_route=\/wp\/v2\/posts\/4998","targetHints":{"allow":["GET"]}}],"collection":[{"href":"https:\/\/www.mladibl.com\/index.php?rest_route=\/wp\/v2\/posts"}],"about":[{"href":"https:\/\/www.mladibl.com\/index.php?rest_route=\/wp\/v2\/types\/post"}],"author":[{"embeddable":true,"href":"https:\/\/www.mladibl.com\/index.php?rest_route=\/wp\/v2\/users\/1"}],"replies":[{"embeddable":true,"href":"https:\/\/www.mladibl.com\/index.php?rest_route=%2Fwp%2Fv2%2Fcomments&post=4998"}],"version-history":[{"count":1,"href":"https:\/\/www.mladibl.com\/index.php?rest_route=\/wp\/v2\/posts\/4998\/revisions"}],"predecessor-version":[{"id":5000,"href":"https:\/\/www.mladibl.com\/index.php?rest_route=\/wp\/v2\/posts\/4998\/revisions\/5000"}],"wp:featuredmedia":[{"embeddable":true,"href":"https:\/\/www.mladibl.com\/index.php?rest_route=\/wp\/v2\/media\/4999"}],"wp:attachment":[{"href":"https:\/\/www.mladibl.com\/index.php?rest_route=%2Fwp%2Fv2%2Fmedia&parent=4998"}],"wp:term":[{"taxonomy":"category","embeddable":true,"href":"https:\/\/www.mladibl.com\/index.php?rest_route=%2Fwp%2Fv2%2Fcategories&post=4998"},{"taxonomy":"post_tag","embeddable":true,"href":"https:\/\/www.mladibl.com\/index.php?rest_route=%2Fwp%2Fv2%2Ftags&post=4998"}],"curies":[{"name":"wp","href":"https:\/\/api.w.org\/{rel}","templated":true}]}}