{"id":49927,"date":"2026-01-29T18:59:13","date_gmt":"2026-01-29T16:59:13","guid":{"rendered":"https:\/\/www.mladibl.com\/?p=49927"},"modified":"2026-01-29T18:59:19","modified_gmt":"2026-01-29T16:59:19","slug":"znanje-trud-i-svetosavlje-ovo-su-najbolji-ucenici-banjaluke","status":"publish","type":"post","link":"https:\/\/www.mladibl.com\/?p=49927","title":{"rendered":"Znanje, trud i svetosavlje: Ovo su najbolji u\u010denici Banjaluke"},"content":{"rendered":"\n<p>Svetosavske nagrade koje se svake godine dodjeljuju najboljim u\u010denicima banjalu\u010dkih osnovnih i srednjih \u0161kola ove godine dobilo je 48 u\u010denika.<\/p>\n\n\n\n<p>Naime, Grad Banjaluka tradicionalno dodjeljuje nagrade, a gradona\u010delnik Dra\u0161ko Stanivukovi\u0107 ih je uru\u010dio, uz \u010destitke u\u010denicima, nastavnicima, pedagozima i roditeljima, na sve\u010danosti u Banskom dvoru.<\/p>\n\n\n\n<h2 class=\"wp-block-heading\">Poruke gradona\u010delnika o zna\u010daju svetosavlja i obrazovanja<\/h2>\n\n\n\n<p>&#8220;Na pijedestal svog vrhovnog glavnog puta stavili smo put Svetog Save, svetosavlja, koji je postavio jedan put kojim treba da kora\u010da svaki Srbin pravoslavac.<\/p>\n\n\n\n<h3 class=\"wp-block-heading\">Znanje kao temelj napretka mladih<\/h3>\n\n\n\n<p>Ako \u017eelimo kao narod da idemo tim putem, onda nam je najva\u017eniji posao da usmjerimo mlade ljude. A Banjaluka podr\u017eava i daje stipendije svetosavcima, onima koji su na temeljima svetosavlja, na temeljima u\u010denja, temeljima da je znanje klju\u010d svakog mladog \u010dovjeka u napretku, uz poruku da ta solidarnost, podr\u0161ka, vjera jeste put koji treba da nam bude zvijezda vodilja&#8221;, poru\u010dio je Stanivukovi\u0107.<\/p>\n\n\n\n<h2 class=\"wp-block-heading\">Najbolji me\u0111u hiljadama u\u010denika<\/h2>\n\n\n\n<p>Isti\u010de da je velika stvar biti najbolji me\u0111u skoro 17.000 osnovaca i 9.000 srednjo\u0161kolaca.<\/p>\n\n\n\n<p>&#8220;Danas put svetosavlja nije samo pri\u010da o tome da si najbolji u ocjenama, nego da je to za op\u0161te dobro, da ako ti je Bog dao odre\u0111ene darove da ih iskoristi\u0161 da pomogne\u0161 drugome i da bude\u0161 koristan otad\u017ebini&#8221;, kazao je on.<\/p>\n\n\n\n<h2 class=\"wp-block-heading\">Glas nagra\u0111enih u\u010denika<\/h2>\n\n\n\n<p>Milica Nikoleti\u0107 iz O\u0160 &#8220;Jovan Du\u010di\u0107&#8221; kazala je da joj je velika \u010dast \u0161to je dobitnik Svetosavske nagrade, te je zahvalila svima za podr\u0161ku.<\/p>\n\n\n\n<p>I jedan od najboljih u\u010denika srednjih \u0161kola, Danilo Milosavljevi\u0107 iz Srednje \u0161kole &#8220;Gemit &#8211; Apeiron&#8221;, izrazio je zadovoljstvo \u0161to je svetosavac.<\/p>\n\n\n\n<p>&#8220;\u010cast mi je \u0161to sam dio svetosavlja i ove sve\u010danosti. Hvala Gradu za podr\u0161ku, mojim nastavnicima na pru\u017eenom znanju i porodici na podr\u0161ci&#8221;, naveo je Milosavljevi\u0107.<\/p>\n\n\n\n<h2 class=\"wp-block-heading\">Spisak dobitnika Svetosavskih nagrada<\/h2>\n\n\n\n<h3 class=\"wp-block-heading\">U\u010denici osnovnih \u0161kola koji su dobili nagrade su:<\/h3>\n\n\n\n<p>Arsenije Vra\u010dar &#8211; O\u0160 &#8220;Aleksa \u0160anti\u0107&#8221;, Iskra Leki\u0107 &#8211; O\u0160 &#8220;Borisav Stankovi\u0107&#8221;, Strahinja Gvero &#8211; O\u0160 &#8220;Branislav Nu\u0161i\u0107&#8221;, Dunja Kuzmanovi\u0107 &#8211; O\u0160 &#8220;Branko Radi\u010devi\u0107&#8221;, Luka Katalina &#8211; O\u0160 &#8220;Branko \u0106opi\u0107&#8221;, Sofija Petru\u0161i\u0107 &#8211; O\u0160 &#8220;Vojislav Ili\u0107&#8221;, Kristina Bro\u0107eta &#8211; O\u0160 &#8220;Vuk Stefanovi\u0107 Karad\u017ei\u0107&#8221;, Marija Ke\u010da &#8211; O\u0160 &#8220;Georgi Stojkov Rakovski&#8221;, Una Pilipovi\u0107 &#8211; O\u0160 &#8220;Desanka Maksimovi\u0107&#8221;, Du\u0161an Vujadinovi\u0107 &#8211; O\u0160 &#8220;Dositej Obradovi\u0107&#8221;, Jakov Dunji\u0107 &#8211; O\u0160 &#8220;\u0110ura Jak\u0161i\u0107&#8221;, Vanja Pavkovi\u0107 &#8211; O\u0160 &#8220;Zmaj Jova Jovanovi\u0107&#8221;, Sa\u0161a Bubi\u0107 &#8211; O\u0160 &#8220;Ivan Goran Kova\u010di\u0107&#8221;, Ma\u0161a Zobenica &#8211; O\u0160 &#8220;Ivo Andri\u0107&#8221;, zatim Milica Nikoleti\u0107 &#8211; O\u0160 &#8220;Jovan Du\u010di\u0107&#8221;, Emilija Krupljanin &#8211; O\u0160 &#8220;Jovan Cviji\u0107&#8221;, Teodora \u0106ulum &#8211; O\u0160 &#8220;Milan Raki\u0107&#8221;, Sofija Daki\u0107 &#8211; O\u0160 &#8220;Milo\u0161 Crnjanski&#8221;, Mariana Cviji\u0107 &#8211; O\u0160 &#8220;Milutin Boji\u0107&#8221;, Una Bukeli\u0107 &#8211; O\u0160 &#8220;Miroslav Anti\u0107&#8221;, Ivana Kondi\u0107 &#8211; O\u0160 &#8220;Mladen Stojanovi\u0107&#8221;, Nata\u0161a Radanovi\u0107 &#8211; O\u0160 &#8220;Petar Ko\u010di\u0107&#8221;, kao i Ana Antoni\u0107 &#8211; O\u0160 &#8220;Petar Petrovi\u0107 Njego\u0161&#8221;, Jelena \u0160kori\u0107 &#8211; O\u0160 &#8220;Sveti \u0106irilo i Metodije&#8221;, Njego\u0161 Stankovi\u0107 &#8211; O\u0160 &#8220;Sveti Sava&#8221;, Dunja Krkelja\u0161 &#8211; O\u0160 &#8220;Stanko Rakita&#8221;, Bogdan Petkovi\u0107 &#8211; Umjetni\u010dka \u0161kola &#8220;Vlado Milo\u0161evi\u0107&#8221;, Ana \u0160obota &#8211; Centar za obrazovanje i vaspitanje i rehabilitaciju slu\u0161anja i govora, Milo\u0161 Kova\u010devi\u0107 &#8211; Centar &#8220;Za\u0161titi me&#8221; te Emma Teodora \u0160ukalo &#8211; O\u0160 &#8220;Nikola Tesla&#8221;.<\/p>\n\n\n\n<h3 class=\"wp-block-heading\">U\u010denici srednjih \u0161kola koji su dobili nagrade:<\/h3>\n\n\n\n<p>Jovana Gatari\u0107 &#8211; Gimnazija, Mihaela Mileti\u0107 Gimnazija IB, Ena Gatari\u0107 &#8211; Gra\u0111evinska \u0161kola, Kristina Mali\u0107 &#8211; Ekonomska \u0161kola, Pavle Trni\u0107 &#8211; Elektrotehni\u010dka \u0161kola &#8220;Nikola Tesla&#8221;, Danica Aleksi\u0107 &#8211; JU Medicinska \u0161kola, Irina D\u017eani\u0107 &#8211; Umjetni\u010dka \u0161kola &#8220;Vlado Milo\u0161evi\u0107&#8221;, zatim Teodora Miljevi\u0107 &#8211; Poljoprivredna \u0161kola, Dragana Milanovi\u0107 &#8211; Tehni\u010dka \u0161kola, Bojana Samac &#8211; Tehnolo\u0161ka \u0161kola, Milijana Kosti\u0107 &#8211; Ugostiteljsko-trgovinsko-turisti\u010dka \u0161kola, Sara Kesi\u0107 &#8211; Politehni\u010dka \u0161kola, Nina Vidovi\u0107 &#8211; Centar za obrazovanje, vaspitanje i rehabilitaciju slu\u0161anja i govora, kao i Ana Milojevi\u0107 &#8211; Centar &#8220;Za\u0161titi me&#8221;, Katarina \u0160aji\u0107 &#8211; Katoli\u010dki \u0161kolski centar, Danilo Milosavljevi\u0107 &#8211; SC &#8220;Gemit-Apeiron&#8221;, Magdalena \u010cubrilovi\u0107 &#8211; SC &#8220;Gaudeamus&#8221;, te Tea Novakovi\u0107 &#8211; Srednja \u0161kola unutra\u0161njih poslova.<\/p>\n\n\n\n<p>Preuzeto sa: <a href=\"https:\/\/www.nezavisne.com\/novosti\/banjaluka\/svetosavske-nagrade-banjaluka-38-ucenika\/949052\" target=\"_blank\" rel=\"noreferrer noopener\">nezavisne.com<\/a><\/p>\n","protected":false},"excerpt":{"rendered":"<p>Svetosavske nagrade koje se svake godine dodjeljuju najboljim u\u010denicima banjalu\u010dkih osnovnih i srednjih \u0161kola ove godine dobilo je 48 u\u010denika.<\/p>\n","protected":false},"author":1,"featured_media":49937,"comment_status":"closed","ping_status":"open","sticky":false,"template":"","format":"standard","meta":{"om_disable_all_campaigns":false,"_monsterinsights_skip_tracking":false,"_monsterinsights_sitenote_active":false,"_monsterinsights_sitenote_note":"","_monsterinsights_sitenote_category":0,"footnotes":""},"categories":[2],"tags":[53,2736,568],"class_list":["post-49927","post","type-post","status-publish","format-standard","has-post-thumbnail","hentry","category-vijesti","tag-banja-luka","tag-najbolji","tag-ucenici"],"jetpack_featured_media_url":"https:\/\/www.mladibl.com\/wp-content\/uploads\/2026\/01\/Znanje-trud-i-svetosavlje_-Ovo-su-najbolji-ucenici-Banjaluke.jpg","amp_enabled":true,"_links":{"self":[{"href":"https:\/\/www.mladibl.com\/index.php?rest_route=\/wp\/v2\/posts\/49927","targetHints":{"allow":["GET"]}}],"collection":[{"href":"https:\/\/www.mladibl.com\/index.php?rest_route=\/wp\/v2\/posts"}],"about":[{"href":"https:\/\/www.mladibl.com\/index.php?rest_route=\/wp\/v2\/types\/post"}],"author":[{"embeddable":true,"href":"https:\/\/www.mladibl.com\/index.php?rest_route=\/wp\/v2\/users\/1"}],"replies":[{"embeddable":true,"href":"https:\/\/www.mladibl.com\/index.php?rest_route=%2Fwp%2Fv2%2Fcomments&post=49927"}],"version-history":[{"count":1,"href":"https:\/\/www.mladibl.com\/index.php?rest_route=\/wp\/v2\/posts\/49927\/revisions"}],"predecessor-version":[{"id":49938,"href":"https:\/\/www.mladibl.com\/index.php?rest_route=\/wp\/v2\/posts\/49927\/revisions\/49938"}],"wp:featuredmedia":[{"embeddable":true,"href":"https:\/\/www.mladibl.com\/index.php?rest_route=\/wp\/v2\/media\/49937"}],"wp:attachment":[{"href":"https:\/\/www.mladibl.com\/index.php?rest_route=%2Fwp%2Fv2%2Fmedia&parent=49927"}],"wp:term":[{"taxonomy":"category","embeddable":true,"href":"https:\/\/www.mladibl.com\/index.php?rest_route=%2Fwp%2Fv2%2Fcategories&post=49927"},{"taxonomy":"post_tag","embeddable":true,"href":"https:\/\/www.mladibl.com\/index.php?rest_route=%2Fwp%2Fv2%2Ftags&post=49927"}],"curies":[{"name":"wp","href":"https:\/\/api.w.org\/{rel}","templated":true}]}}