{"id":49909,"date":"2026-01-28T22:53:32","date_gmt":"2026-01-28T20:53:32","guid":{"rendered":"https:\/\/www.mladibl.com\/?p=49909"},"modified":"2026-01-28T22:53:38","modified_gmt":"2026-01-28T20:53:38","slug":"dani-zime-na-kozari-grad-banja-luka-obezbijedio-besplatan-prevoz-1-februara","status":"publish","type":"post","link":"https:\/\/www.mladibl.com\/?p=49909","title":{"rendered":"\u201eDani zime na Kozari\u201c: Grad Banja Luka obezbijedio besplatan prevoz 1. februara"},"content":{"rendered":"\n<hr class=\"wp-block-separator has-alpha-channel-opacity\"\/>\n\n\n\n<p>Grad Banja Luka \u0107e organizovati besplatan prevoz za sugra\u0111ane na privredno-turisti\u010dku manifestaciju \u201eDani zime na Kozari\u201c, koja \u0107e biti odr\u017eana na Mrakovici u nedjelju, 1. februara.<\/p>\n\n\n\n<p>Polazak autobusa predvi\u0111en je sa stajali\u0161ta ispred Muzeja savremene umjetnosti Republike Srpske u nedjelju, 1. februara u 9.00 \u010dasova, dok je polazak sa Mrakovice planiran istog dana u popodnevnim \u010dasovima.<\/p>\n\n\n\n<p>Zainteresovani sugra\u0111ani za prevoz potrebno je da se prijave putem kontakt telefona: 051\/244-425, i to u periodu od 9.00 do 15.00 \u010dasova.<\/p>\n\n\n\n<figure class=\"wp-block-image\"><img decoding=\"async\" src=\"https:\/\/www.banjaluka.rs.ba\/wp-content\/uploads\/2026\/01\/NP-Kozara-_M_Trivunic.jpg\" alt=\"\"\/><\/figure>\n\n\n\n<p>Preuzeto sa: <a href=\"https:\/\/www.banjaluka.rs.ba\/dani-zime-na-kozari\/\" target=\"_blank\" rel=\"noreferrer noopener\">banjaluka.rs.ba<\/a><\/p>\n","protected":false},"excerpt":{"rendered":"<p>Grad Banja Luka \u0107e organizovati besplatan prevoz za sugra\u0111ane na privredno-turisti\u010dku manifestaciju \u201eDani zime na Kozari\u201c, koja \u0107e biti odr\u017eana<\/p>\n","protected":false},"author":1,"featured_media":49900,"comment_status":"closed","ping_status":"open","sticky":false,"template":"","format":"standard","meta":{"om_disable_all_campaigns":false,"_monsterinsights_skip_tracking":false,"_monsterinsights_sitenote_active":false,"_monsterinsights_sitenote_note":"","_monsterinsights_sitenote_category":0,"footnotes":""},"categories":[2],"tags":[53,10512,14869],"class_list":["post-49909","post","type-post","status-publish","format-standard","has-post-thumbnail","hentry","category-vijesti","tag-banja-luka","tag-dani-zime-na-kozari","tag-transport"],"jetpack_featured_media_url":"https:\/\/www.mladibl.com\/wp-content\/uploads\/2026\/01\/Dani-zime-na-Kozari.jpg","amp_enabled":true,"_links":{"self":[{"href":"https:\/\/www.mladibl.com\/index.php?rest_route=\/wp\/v2\/posts\/49909","targetHints":{"allow":["GET"]}}],"collection":[{"href":"https:\/\/www.mladibl.com\/index.php?rest_route=\/wp\/v2\/posts"}],"about":[{"href":"https:\/\/www.mladibl.com\/index.php?rest_route=\/wp\/v2\/types\/post"}],"author":[{"embeddable":true,"href":"https:\/\/www.mladibl.com\/index.php?rest_route=\/wp\/v2\/users\/1"}],"replies":[{"embeddable":true,"href":"https:\/\/www.mladibl.com\/index.php?rest_route=%2Fwp%2Fv2%2Fcomments&post=49909"}],"version-history":[{"count":1,"href":"https:\/\/www.mladibl.com\/index.php?rest_route=\/wp\/v2\/posts\/49909\/revisions"}],"predecessor-version":[{"id":49910,"href":"https:\/\/www.mladibl.com\/index.php?rest_route=\/wp\/v2\/posts\/49909\/revisions\/49910"}],"wp:featuredmedia":[{"embeddable":true,"href":"https:\/\/www.mladibl.com\/index.php?rest_route=\/wp\/v2\/media\/49900"}],"wp:attachment":[{"href":"https:\/\/www.mladibl.com\/index.php?rest_route=%2Fwp%2Fv2%2Fmedia&parent=49909"}],"wp:term":[{"taxonomy":"category","embeddable":true,"href":"https:\/\/www.mladibl.com\/index.php?rest_route=%2Fwp%2Fv2%2Fcategories&post=49909"},{"taxonomy":"post_tag","embeddable":true,"href":"https:\/\/www.mladibl.com\/index.php?rest_route=%2Fwp%2Fv2%2Ftags&post=49909"}],"curies":[{"name":"wp","href":"https:\/\/api.w.org\/{rel}","templated":true}]}}