{"id":49894,"date":"2026-01-28T22:48:53","date_gmt":"2026-01-28T20:48:53","guid":{"rendered":"https:\/\/www.mladibl.com\/?p=49894"},"modified":"2026-01-28T22:48:59","modified_gmt":"2026-01-28T20:48:59","slug":"obiljezeni-dan-republike-srpske-i-sveti-sava","status":"publish","type":"post","link":"https:\/\/www.mladibl.com\/?p=49894","title":{"rendered":"Obilje\u017eeni Dan Republike Srpske i Sveti Sava"},"content":{"rendered":"\n<p><strong>Na prijemu povodom Dana Republike Srpske i Svetog Save, odr\u017eanom 27. januara 2026. godine u Studentskom kulturnom centru Univerziteta Banjoj Luci, istaknut je zna\u010daj svetosavskog naslje\u0111a u o\u010duvanju duhovnog, kulturnog i obrazovnog identiteta srpskog naroda.<\/strong><\/p>\n\n\n\n<p>Rektor Univerziteta u Banjoj Luci prof. dr Radoslav Gajanin istakao je da su moral i zajedni\u0161tvo temelji napretka i stabilnosti dru\u0161tva, te da djelo Svetog Save predstavlja trajni orijentir za obrazovanje, nauku i vaspitanje mladih generacija.<\/p>\n\n\n\n<p>Obra\u0107aju\u0107i se na prijemu povodom Dana Republike Srpske i Svetog Save na Univerzitetu u Banjoj Luci, rektor Gajanin je naglasio da Sveti Sava nije bio samo duhovni utemeljiva\u010d srpskog naroda ve\u0107 i vizionar obrazovanja, zakonodavstva i ukupnog dru\u0161tvenog ure\u0111enja.<\/p>\n\n\n\n<p>\u201eSveti Sava nas je u\u010dio da bez znanja nema napretka, bez morala nema trajnih vrijednosti, a bez zajedni\u0161tva nema sna\u017ene i stabilne zajednice. Istinska snaga jednog naroda po\u010diva na obrazovanim, odgovornim i moralnim ljudima\u201d, rekao je rektor Gajanin.<\/p>\n\n\n\n<p>On je istakao da obrazovne i nau\u010dne institucije imaju posebnu odgovornost i da ne smiju biti isklju\u010divo mjesta sticanja formalnih kvalifikacija, ve\u0107 prostori u kojima se, pored znanja, njeguju eti\u010dke vrijednosti, dru\u0161tvena odgovornost, solidarnost i me\u0111usobno po\u0161tovanje.<\/p>\n\n\n\n<p>Prema njegovim rije\u010dima, obrazovanje je dru\u0161tvena obaveza, jer se kroz obrazovni proces oblikuju li\u010dnosti spremne da aktivno u\u010destvuju u dru\u0161tvenom \u017eivotu i svojim znanjem i radom doprinesu op\u0161tem dobru.<\/p>\n\n\n\n<p>Rektor Gajanin je podsjetio da je Republika Srpska nastala kao izraz jedinstva, slobode i istrajnosti srpskog naroda, te da njena snaga danas po\u010diva na znanju, radu i odgovornosti.<\/p>\n\n\n\n<p>Posebnu poruku uputio je studentima, isti\u010du\u0107i da su oni nosioci budu\u0107nosti i najve\u0107i potencijal Republike Srpske, uz poziv da budu istrajni, odgovorni i da vjeruju u snagu znanja.<\/p>\n\n\n\n<p>\u201eNa\u0161 zadatak je da mladim ljudima stvorimo uslove u kojima \u0107e razvijati svoje potencijale i svojim znanjem graditi budu\u0107nost Republike Srpske\u201d, poru\u010dio je rektor Gajanin.<\/p>\n\n\n\n<p>On je ocijenio da obilje\u017eavanje Dana Republike Srpske i Svetog Save predstavlja priliku da se podsjetimo duhovnih korijena i vrijednosti koje nas povezuju, ali i podsticaj da se nastavi izgradnja dru\u0161tva utemeljenog na znanju, moralu i zajedni\u0161tvu.<\/p>\n\n\n\n<p>,,Vlada Republike Srpske odlu\u010dila je da od naredne akademske godine pove\u0107a bud\u017eet za vi\u0161e od milion KM za studentske stipendije na sva tri ciklusa\u201d, rekla je pomo\u0107nik ministra za visoko obrazovanje Jelena Star\u010devi\u0107.<\/p>\n\n\n\n<p>,,Bud\u017eet je pove\u0107an sa 2.130.000 KM na 3.195.000 KM. To zna\u010di da \u0107e svaki student, njih 1.065, dobijati po 300 KM, za 100 KM vi\u0161e nego do sada. Nadamo se da \u0107e to olak\u0161ati studiranje\u201d, rekla je Star\u010devi\u0107eva i&nbsp; podsjetila da su studiranje i smje\u0161taj besplatni u Republici Srpskoj, a pove\u0107ane su i stipendije koje se dodjeljuju iz Fonda ,,Dr Milan Jeli\u0107\u201d.<\/p>\n\n\n\n<p>,,Do sada je ukupan fond iznosio 750.000 KM, a od naredne akademske godine iznosi\u0107e 1.125.000 KM. Za studente u Republici Srpskoj iznos \u0107e sa 400 KM biti pove\u0107an na 600 KM. Za region \u0107e se pove\u0107ati sa 500 KM na 700 KM. Za studente u inostranstvu umjesto 800 KM ispla\u0107iva\u0107e se 900 KM\u201d, precizirala je ona.<\/p>\n\n\n\n<p>Na ovom zna\u010dajnom doga\u0111aju, koji je okupio \u010dlanove akademske zajednice, a \u010diji su organizatori Univerzitet u Banjoj Luci i Ministarstvo za nau\u010dnotehnolo\u0161ki razvoj i visoko obrazivanje Republike Srpske, prigodnu besjedu na temu \u201eSveti Sava i asketska misao Istoka\u201d odr\u017eao je docent na Filolo\u0161kom fakultetu dr Danijel Doj\u010dinovi\u0107.<\/p>\n\n\n\n<p>Preuzeto sa: <a href=\"https:\/\/unibl.org\/sr-lat\/vesti\/2026\/01\/obiljezeni-dan-republike-srpske-i-sveti-sava\" target=\"_blank\" rel=\"noreferrer noopener\">unibl.org<\/a><\/p>\n","protected":false},"excerpt":{"rendered":"<p>Na prijemu povodom Dana Republike Srpske i Svetog Save, odr\u017eanom 27. januara 2026. godine u Studentskom kulturnom centru Univerziteta Banjoj<\/p>\n","protected":false},"author":1,"featured_media":49903,"comment_status":"closed","ping_status":"open","sticky":false,"template":"","format":"standard","meta":{"om_disable_all_campaigns":false,"_monsterinsights_skip_tracking":false,"_monsterinsights_sitenote_active":false,"_monsterinsights_sitenote_note":"","_monsterinsights_sitenote_category":0,"footnotes":""},"categories":[2],"tags":[7603,3032],"class_list":["post-49894","post","type-post","status-publish","format-standard","has-post-thumbnail","hentry","category-vijesti","tag-dan-republike-srpske","tag-sveti-sava"],"jetpack_featured_media_url":"https:\/\/www.mladibl.com\/wp-content\/uploads\/2026\/01\/Obiljezeni-Dan-Republike-Srpske-i-Sveti-Sava.jpg","amp_enabled":true,"_links":{"self":[{"href":"https:\/\/www.mladibl.com\/index.php?rest_route=\/wp\/v2\/posts\/49894","targetHints":{"allow":["GET"]}}],"collection":[{"href":"https:\/\/www.mladibl.com\/index.php?rest_route=\/wp\/v2\/posts"}],"about":[{"href":"https:\/\/www.mladibl.com\/index.php?rest_route=\/wp\/v2\/types\/post"}],"author":[{"embeddable":true,"href":"https:\/\/www.mladibl.com\/index.php?rest_route=\/wp\/v2\/users\/1"}],"replies":[{"embeddable":true,"href":"https:\/\/www.mladibl.com\/index.php?rest_route=%2Fwp%2Fv2%2Fcomments&post=49894"}],"version-history":[{"count":1,"href":"https:\/\/www.mladibl.com\/index.php?rest_route=\/wp\/v2\/posts\/49894\/revisions"}],"predecessor-version":[{"id":49904,"href":"https:\/\/www.mladibl.com\/index.php?rest_route=\/wp\/v2\/posts\/49894\/revisions\/49904"}],"wp:featuredmedia":[{"embeddable":true,"href":"https:\/\/www.mladibl.com\/index.php?rest_route=\/wp\/v2\/media\/49903"}],"wp:attachment":[{"href":"https:\/\/www.mladibl.com\/index.php?rest_route=%2Fwp%2Fv2%2Fmedia&parent=49894"}],"wp:term":[{"taxonomy":"category","embeddable":true,"href":"https:\/\/www.mladibl.com\/index.php?rest_route=%2Fwp%2Fv2%2Fcategories&post=49894"},{"taxonomy":"post_tag","embeddable":true,"href":"https:\/\/www.mladibl.com\/index.php?rest_route=%2Fwp%2Fv2%2Ftags&post=49894"}],"curies":[{"name":"wp","href":"https:\/\/api.w.org\/{rel}","templated":true}]}}