{"id":49858,"date":"2026-01-26T22:34:29","date_gmt":"2026-01-26T20:34:29","guid":{"rendered":"https:\/\/www.mladibl.com\/?p=49858"},"modified":"2026-01-26T22:34:35","modified_gmt":"2026-01-26T20:34:35","slug":"konkurs-za-erazmus-razmjenu-studenata-na-univerzitetu-u-granadi","status":"publish","type":"post","link":"https:\/\/www.mladibl.com\/?p=49858","title":{"rendered":"Konkurs za Erazmus+ razmjenu studenata na Univerzitetu u Granadi"},"content":{"rendered":"\n<p><strong>U okviru Erazmus+ programa \u2013 Me\u0111unarodna kreditna razmjena \u2013 raspisan je konkurs za razmjenu studenata Univerziteta u Banjoj Luci na Univerzitetu u Granadi<\/strong><\/p>\n\n\n\n<p><strong>Institucija prijema: <\/strong>Univerzitet u Granadi<\/p>\n\n\n\n<p><strong>Dr\u017eava: <\/strong>\u0160panija<\/p>\n\n\n\n<p><strong>Broj dostupnih stipendija<\/strong>: dvije (2) stipendije za razmjenu studenata na tre\u0107em ciklusu studija<\/p>\n\n\n\n<p><strong>Trajanje razmjene: <\/strong>tri (3) mjeseca<\/p>\n\n\n\n<p><strong>Period realizacije razmjene: <\/strong>razmjena se mora realizovati u ljetnom semestru akademske 2025\/26. godine<\/p>\n\n\n\n<p><strong>Ko se mo\u017ee prijaviti: <\/strong>studenti tre\u0107eg ciklusa studija Univerziteta u Banjoj Luci iz kompatibilnih oblasti<\/p>\n\n\n\n<p>Nivo poznavanja jezika se u skladu sa pravilima Univerziteta u Granadi mo\u017ee dokazivati samo&nbsp;&nbsp;&nbsp;&nbsp;&nbsp;&nbsp;&nbsp;&nbsp;&nbsp;&nbsp;&nbsp;&nbsp;&nbsp;&nbsp;&nbsp;&nbsp; na&nbsp;&nbsp;&nbsp;&nbsp;&nbsp;&nbsp;&nbsp;&nbsp; osnovu&nbsp;&nbsp;&nbsp;&nbsp;&nbsp;&nbsp;&nbsp;&nbsp; sljede\u0107ih&nbsp;&nbsp;&nbsp;&nbsp;&nbsp;&nbsp;&nbsp;&nbsp; me\u0111unarodno&nbsp;&nbsp;&nbsp;&nbsp;&nbsp;&nbsp;&nbsp;&nbsp; priznatih&nbsp;&nbsp;&nbsp;&nbsp;&nbsp;&nbsp;&nbsp;&nbsp; certifikata: <a href=\"https:\/\/internacional.ugr.es\/sites\/vicerrectorados_files\/vic_internacionalizacion2\/public\/inline-files\/KA107_proySEPIE_2022-1-ES01-KA171-HED-000073196_req_lang_en_0.pdf\" target=\"_blank\" rel=\"noreferrer noopener\">https:\/\/internacional.ugr.es\/sites\/vicerrectorados_files\/vic_internacionalizacion2\/public\/inline-<\/a> <a href=\"https:\/\/internacional.ugr.es\/sites\/vicerrectorados_files\/vic_internacionalizacion2\/public\/inline-files\/KA107_proySEPIE_2022-1-ES01-KA171-HED-000073196_req_lang_en_0.pdf\" target=\"_blank\" rel=\"noreferrer noopener\">files\/KA107_proySEPIE_2022-1-ES01-KA171-HED-000073196_req_lang_en_0.pdf<\/a> Certifikat nije potreban za SP Francuski jezik i knji\u017eevnost i Engleski jezik i knji\u017eevnost.<\/p>\n\n\n\n<p><strong>Iznos stipendije:<\/strong><\/p>\n\n\n\n<ul class=\"wp-block-list\">\n<li>Mjese\u010dna stipendija u iznosu od 850 evra (za tro\u0161kove \u017eivota),<\/li>\n\n\n\n<li>Putni tro\u0161kovi do iznosa od 275 evra,<\/li>\n\n\n\n<li>Viza, dozvola za boravak i osiguranje nisu obuhva\u0107eni ovom stipendijom, te je stipendista du\u017ean da ove tro\u0161kove snosi sam.<\/li>\n<\/ul>\n\n\n\n<p><strong>POTREBNA DOKUMENTACIJA:<\/strong><br>Za konkurs je potrebno dostaviti:<br>1. CV u Europass&nbsp;formatu<br>2. Prijedlog Ugovora o u\u010denju (<a href=\"https:\/\/unibl.org\/uploads\/files\/strane\/stipendije\/2026\/Prilog%20ugovor%20o%20ucenju.docx\" target=\"_blank\" rel=\"noreferrer noopener\">Prilog 1<\/a>)<br>3. Prepis ocjena na srpskom jeziku (samo kandidati izabrani za razmjenu \u0107e dostaviti prepis ocjena na engleskom jeziku)<br>4. Motivaciono pismo<br>5. Dokaz o poznavanju engleskog jezika ili jezika institucije prijema<\/p>\n\n\n\n<p>Za pomo\u0107 prilikom izrade ugovora o u\u010denju obratiti se nadle\u017enom akademskom koordinatoru za me\u0111unarodnu razmjenu studenata i osoblja: &nbsp;<a href=\"http:\/\/unibl.org\/sr\/saradnja\/kancelarija-prorektora\/akademski-koordinatori-za-medjunarodnu-razmjenu-studenata-i-osoblja\" target=\"_blank\" rel=\"noreferrer noopener\">http<\/a><a href=\"http:\/\/unibl.org\/sr\/saradnja\/kancelarija-prorektora\/akademski-koordinatori-za-medjunarodnu-razmjenu-studenata-i-osoblja\" target=\"_blank\" rel=\"noreferrer noopener\">:\/\/<\/a><a href=\"http:\/\/unibl.org\/sr\/saradnja\/kancelarija-prorektora\/akademski-koordinatori-za-medjunarodnu-razmjenu-studenata-i-osoblja\" target=\"_blank\" rel=\"noreferrer noopener\">unibl<\/a><a href=\"http:\/\/unibl.org\/sr\/saradnja\/kancelarija-prorektora\/akademski-koordinatori-za-medjunarodnu-razmjenu-studenata-i-osoblja\" target=\"_blank\" rel=\"noreferrer noopener\">.<\/a><a href=\"http:\/\/unibl.org\/sr\/saradnja\/kancelarija-prorektora\/akademski-koordinatori-za-medjunarodnu-razmjenu-studenata-i-osoblja\" target=\"_blank\" rel=\"noreferrer noopener\">org<\/a><a href=\"http:\/\/unibl.org\/sr\/saradnja\/kancelarija-prorektora\/akademski-koordinatori-za-medjunarodnu-razmjenu-studenata-i-osoblja\" target=\"_blank\" rel=\"noreferrer noopener\">\/<\/a><a href=\"http:\/\/unibl.org\/sr\/saradnja\/kancelarija-prorektora\/akademski-koordinatori-za-medjunarodnu-razmjenu-studenata-i-osoblja\" target=\"_blank\" rel=\"noreferrer noopener\">sr<\/a><a href=\"http:\/\/unibl.org\/sr\/saradnja\/kancelarija-prorektora\/akademski-koordinatori-za-medjunarodnu-razmjenu-studenata-i-osoblja\" target=\"_blank\" rel=\"noreferrer noopener\">\/<\/a><a href=\"http:\/\/unibl.org\/sr\/saradnja\/kancelarija-prorektora\/akademski-koordinatori-za-medjunarodnu-razmjenu-studenata-i-osoblja\" target=\"_blank\" rel=\"noreferrer noopener\">saradnja<\/a><a href=\"http:\/\/unibl.org\/sr\/saradnja\/kancelarija-prorektora\/akademski-koordinatori-za-medjunarodnu-razmjenu-studenata-i-osoblja\" target=\"_blank\" rel=\"noreferrer noopener\">\/<\/a><a href=\"http:\/\/unibl.org\/sr\/saradnja\/kancelarija-prorektora\/akademski-koordinatori-za-medjunarodnu-razmjenu-studenata-i-osoblja\" target=\"_blank\" rel=\"noreferrer noopener\">kancelarija<\/a><a href=\"http:\/\/unibl.org\/sr\/saradnja\/kancelarija-prorektora\/akademski-koordinatori-za-medjunarodnu-razmjenu-studenata-i-osoblja\" target=\"_blank\" rel=\"noreferrer noopener\">&#8211;<\/a><a href=\"http:\/\/unibl.org\/sr\/saradnja\/kancelarija-prorektora\/akademski-koordinatori-za-medjunarodnu-razmjenu-studenata-i-osoblja\" target=\"_blank\" rel=\"noreferrer noopener\">prorektora<\/a><a href=\"http:\/\/unibl.org\/sr\/saradnja\/kancelarija-prorektora\/akademski-koordinatori-za-medjunarodnu-razmjenu-studenata-i-osoblja\" target=\"_blank\" rel=\"noreferrer noopener\">\/<\/a><a href=\"http:\/\/unibl.org\/sr\/saradnja\/kancelarija-prorektora\/akademski-koordinatori-za-medjunarodnu-razmjenu-studenata-i-osoblja\" target=\"_blank\" rel=\"noreferrer noopener\">akademski<\/a><a href=\"http:\/\/unibl.org\/sr\/saradnja\/kancelarija-prorektora\/akademski-koordinatori-za-medjunarodnu-razmjenu-studenata-i-osoblja\" target=\"_blank\" rel=\"noreferrer noopener\">&#8211;<\/a><a href=\"http:\/\/unibl.org\/sr\/saradnja\/kancelarija-prorektora\/akademski-koordinatori-za-medjunarodnu-razmjenu-studenata-i-osoblja\" target=\"_blank\" rel=\"noreferrer noopener\">koordinatori<\/a><a href=\"http:\/\/unibl.org\/sr\/saradnja\/kancelarija-prorektora\/akademski-koordinatori-za-medjunarodnu-razmjenu-studenata-i-osoblja\" target=\"_blank\" rel=\"noreferrer noopener\">&#8211;<\/a><a href=\"http:\/\/unibl.org\/sr\/saradnja\/kancelarija-prorektora\/akademski-koordinatori-za-medjunarodnu-razmjenu-studenata-i-osoblja\" target=\"_blank\" rel=\"noreferrer noopener\">za<\/a><a href=\"http:\/\/unibl.org\/sr\/saradnja\/kancelarija-prorektora\/akademski-koordinatori-za-medjunarodnu-razmjenu-studenata-i-osoblja\" target=\"_blank\" rel=\"noreferrer noopener\">&#8211;<\/a><a href=\"http:\/\/unibl.org\/sr\/saradnja\/kancelarija-prorektora\/akademski-koordinatori-za-medjunarodnu-razmjenu-studenata-i-osoblja\" target=\"_blank\" rel=\"noreferrer noopener\">medjunarodnu<\/a><a href=\"http:\/\/unibl.org\/sr\/saradnja\/kancelarija-prorektora\/akademski-koordinatori-za-medjunarodnu-razmjenu-studenata-i-osoblja\" target=\"_blank\" rel=\"noreferrer noopener\">razmjenu<\/a><a href=\"http:\/\/unibl.org\/sr\/saradnja\/kancelarija-prorektora\/akademski-koordinatori-za-medjunarodnu-razmjenu-studenata-i-osoblja\" target=\"_blank\" rel=\"noreferrer noopener\">&#8211;<\/a><a href=\"http:\/\/unibl.org\/sr\/saradnja\/kancelarija-prorektora\/akademski-koordinatori-za-medjunarodnu-razmjenu-studenata-i-osoblja\" target=\"_blank\" rel=\"noreferrer noopener\">studenata<\/a><a href=\"http:\/\/unibl.org\/sr\/saradnja\/kancelarija-prorektora\/akademski-koordinatori-za-medjunarodnu-razmjenu-studenata-i-osoblja\" target=\"_blank\" rel=\"noreferrer noopener\">&#8211;<\/a><a href=\"http:\/\/unibl.org\/sr\/saradnja\/kancelarija-prorektora\/akademski-koordinatori-za-medjunarodnu-razmjenu-studenata-i-osoblja\" target=\"_blank\" rel=\"noreferrer noopener\">i<\/a><a href=\"http:\/\/unibl.org\/sr\/saradnja\/kancelarija-prorektora\/akademski-koordinatori-za-medjunarodnu-razmjenu-studenata-i-osoblja\" target=\"_blank\" rel=\"noreferrer noopener\">&#8211;<\/a><a href=\"http:\/\/unibl.org\/sr\/saradnja\/kancelarija-prorektora\/akademski-koordinatori-za-medjunarodnu-razmjenu-studenata-i-osoblja\" target=\"_blank\" rel=\"noreferrer noopener\">osoblja<\/a>.<\/p>\n\n\n\n<p><strong>PRIJAVA:<\/strong><br>Sva tra\u017eena dokumentacija se dostavlja putem aplikacije eStudent, a uputstvo za prijavu je dostupno na sljede\u0107oj adresi &#8211;&nbsp;<a href=\"https:\/\/unibl.org\/uploads\/files\/strane\/stipendije\/00%20Uputstvo%20za%20razmjenu%20studenata.pdf\" target=\"_blank\" rel=\"noreferrer noopener\">Uputstvo za prijavu razmjene studenata<\/a>.<\/p>\n\n\n\n<p>Za sva dodatna pitanja obratiti se Kancelariji za me\u0111unarodnu i me\u0111uuniverzitetsku saradnju na mejl adresu&nbsp;<a href=\"mailto:erasmus@unibl.org\">erasmus@unibl.org<\/a>&nbsp;ili telefonski na broj 051\/266-170.<\/p>\n\n\n\n<p>Rok za dostavljanje dokumentacije je 9. februar 2026. godine do 12 \u010dasova.<\/p>\n\n\n\n<p>Vodi\u010d za prijavu na Erazmus+ kreditnu razmjenu je dostupan&nbsp;<a href=\"https:\/\/unibl.org\/uploads\/files\/strane\/saradnja\/2025\/%D0%95%D1%80%D0%B0%D0%B7%D0%BC%D1%83%D1%81%2B%20%D1%80%D0%B0%D0%B7%D0%BC%D1%98%D0%B5%D0%BD%D0%B0%20%D1%81%D1%82%D1%83%D0%B4%D0%B5%D0%BD%D0%B0%D1%82%D0%B0%20-%20%D0%92%D0%BE%D0%B4%D0%B8%D1%87%20%D0%B7%D0%B0%20%D0%BF%D1%80%D0%B8%D1%98%D0%B0%D0%B2%D1%83.pdf\" target=\"_blank\" rel=\"noreferrer noopener\">ovdje<\/a>.<\/p>\n\n\n\n<p><strong>LINKOVI:<\/strong><\/p>\n\n\n\n<ul class=\"wp-block-list\">\n<li><a href=\"http:\/\/www.ugr.es\/\" target=\"_blank\" rel=\"noreferrer noopener\">o univerzitetu\u00a0<\/a><\/li>\n\n\n\n<li><a href=\"https:\/\/ugrcat.ugr.es\/en\/programmes\/?search-type=content&amp;y=2025-2026&amp;level=doctorado\" target=\"_blank\" rel=\"noreferrer noopener\">Studijski programi tre\u0107eg ciklusa<\/a><\/li>\n\n\n\n<li><a href=\"http:\/\/internacional.ugr.es\/pages\/movilidad\/estudiantes\/contactoscentros?lang=en\" target=\"_blank\" rel=\"noreferrer noopener\">Kontakt podaci fakulteta Univerziteta u Granadi<\/a><\/li>\n\n\n\n<li><a href=\"http:\/\/internacional.ugr.es\/pages\/movilidad\/estudiantes\/entrantes\/residenciainspain\" target=\"_blank\" rel=\"noreferrer noopener\">informacije o vizi<\/a><\/li>\n\n\n\n<li><a href=\"http:\/\/internacional.ugr.es\/pages\/movilidad\/estudiantes\/entrantes\/insurance\" target=\"_blank\" rel=\"noreferrer noopener\">informacije o osiguranju<\/a><\/li>\n\n\n\n<li><a href=\"https:\/\/www.youtube.com\/watch?v=lD0cps1bvg8&amp;ab_channel=canalugr\" target=\"_blank\" rel=\"noreferrer noopener\">promo video<\/a><\/li>\n<\/ul>\n\n\n\n<p><strong>POSTUPAK ODABIRA:<\/strong><br>1. &nbsp; &nbsp;Odabir kandidata se vr\u0161i u skladu sa&nbsp;<a href=\"https:\/\/unibl.org\/uploads\/files\/strane\/pravila\/pravila-rad-komisije-ERASMUS.pdf\" target=\"_blank\" rel=\"noreferrer noopener\">Pravilima<\/a>&nbsp;o radu Komisije i kriterijumima za sprovo\u0111enje postupka izbora kandidata za razmjenu odlaze\u0107ih studenata i osoblja u okviru programa Erazmus+ KA171.&nbsp;<br>2. &nbsp; &nbsp;Odobrene prijave \u0107e biti poslate partnerskom univerzitetu kao nominacije.<br>3. &nbsp; &nbsp;Partnerski univerzitet odlu\u010duje o kona\u010dnom izboru kandidata.<\/p>\n\n\n\n<p>Vi\u0161e informacija o Erazmus+ programu razmjene mo\u017eete prona\u0107i&nbsp;<a href=\"https:\/\/www.youtube.com\/watch?v=kcSxWD1zIX8&amp;t=2655s&amp;ab_channel=RSDHub\" target=\"_blank\" rel=\"noreferrer noopener\">ovdje<\/a>.<\/p>\n\n\n\n<p>Preuzeto sa: <a href=\"https:\/\/unibl.org\/sr-lat\/vesti\/2026\/01\/konkurs-za-erazmus-razmjenu-studenata-na-univerzitetu-u-granadi\" target=\"_blank\" rel=\"noreferrer noopener\">unibl.org<\/a><\/p>\n","protected":false},"excerpt":{"rendered":"<p>U okviru Erazmus+ programa \u2013 Me\u0111unarodna kreditna razmjena \u2013 raspisan je konkurs za razmjenu studenata Univerziteta u Banjoj Luci na<\/p>\n","protected":false},"author":1,"featured_media":49833,"comment_status":"closed","ping_status":"open","sticky":false,"template":"","format":"standard","meta":{"om_disable_all_campaigns":false,"_monsterinsights_skip_tracking":false,"_monsterinsights_sitenote_active":false,"_monsterinsights_sitenote_note":"","_monsterinsights_sitenote_category":0,"footnotes":""},"categories":[13],"tags":[20,2011,62,14858],"class_list":["post-49858","post","type-post","status-publish","format-standard","has-post-thumbnail","hentry","category-studenti","tag-erasmus","tag-razmjena","tag-studenti","tag-univerzitet-u-granadi"],"jetpack_featured_media_url":"https:\/\/www.mladibl.com\/wp-content\/uploads\/2026\/01\/Universidad-de-Granada.jpg","amp_enabled":true,"_links":{"self":[{"href":"https:\/\/www.mladibl.com\/index.php?rest_route=\/wp\/v2\/posts\/49858","targetHints":{"allow":["GET"]}}],"collection":[{"href":"https:\/\/www.mladibl.com\/index.php?rest_route=\/wp\/v2\/posts"}],"about":[{"href":"https:\/\/www.mladibl.com\/index.php?rest_route=\/wp\/v2\/types\/post"}],"author":[{"embeddable":true,"href":"https:\/\/www.mladibl.com\/index.php?rest_route=\/wp\/v2\/users\/1"}],"replies":[{"embeddable":true,"href":"https:\/\/www.mladibl.com\/index.php?rest_route=%2Fwp%2Fv2%2Fcomments&post=49858"}],"version-history":[{"count":1,"href":"https:\/\/www.mladibl.com\/index.php?rest_route=\/wp\/v2\/posts\/49858\/revisions"}],"predecessor-version":[{"id":49859,"href":"https:\/\/www.mladibl.com\/index.php?rest_route=\/wp\/v2\/posts\/49858\/revisions\/49859"}],"wp:featuredmedia":[{"embeddable":true,"href":"https:\/\/www.mladibl.com\/index.php?rest_route=\/wp\/v2\/media\/49833"}],"wp:attachment":[{"href":"https:\/\/www.mladibl.com\/index.php?rest_route=%2Fwp%2Fv2%2Fmedia&parent=49858"}],"wp:term":[{"taxonomy":"category","embeddable":true,"href":"https:\/\/www.mladibl.com\/index.php?rest_route=%2Fwp%2Fv2%2Fcategories&post=49858"},{"taxonomy":"post_tag","embeddable":true,"href":"https:\/\/www.mladibl.com\/index.php?rest_route=%2Fwp%2Fv2%2Ftags&post=49858"}],"curies":[{"name":"wp","href":"https:\/\/api.w.org\/{rel}","templated":true}]}}