{"id":49816,"date":"2026-01-25T14:18:10","date_gmt":"2026-01-25T12:18:10","guid":{"rendered":"https:\/\/www.mladibl.com\/?p=49816"},"modified":"2026-01-25T14:18:16","modified_gmt":"2026-01-25T12:18:16","slug":"kule-kastela-uskoro-u-novom-sjaju-u-planu-i-safikadin-hram-ljubavi","status":"publish","type":"post","link":"https:\/\/www.mladibl.com\/?p=49816","title":{"rendered":"Kule Kastela uskoro u novom sjaju, u planu i &#8220;Safikadin hram ljubavi&#8221;"},"content":{"rendered":"\n<p>Rekonstrukcija Kule 1 i Kule 2 banjalu\u010dke tvr\u0111ave Kastel, koja je zapo\u010deta lani, nastavljena je i u ovoj godini, a ukoliko sve bude i\u0161lo po planu, u novom sjaju i sa novim funkcijama kule bi mogle zasijati ve\u0107 sredinom marta.<\/p>\n\n\n\n<h2 class=\"wp-block-heading\">\u0160ta treba znati:<\/h2>\n\n\n\n<ul class=\"wp-block-list\">\n<li>Nastavljena rekonstrukcija Kule 1 i Kule 2 Kastela<\/li>\n\n\n\n<li>U Kuli 1 bi\u0107e turisti\u010dki info-centar, u Kuli 2 kafeterija i suvenirnica<\/li>\n\n\n\n<li>Planira se vra\u0107anje u funkciju cjeline koja je bila zapu\u0161tena<\/li>\n\n\n\n<li>Razvija se biznis plan za samoodr\u017eivo funkcionisanje tvr\u0111ave<\/li>\n\n\n\n<li>U planu je i &#8220;Safikadin hram ljubavi&#8221;<\/li>\n<\/ul>\n\n\n\n<p>Prema rije\u010dima Milade \u0160ukalo, projekt menad\u017eera u Gradskoj upravi Banjaluka, rekonstrukcija Kastela, davanje i isticanje zna\u010daja ovog simbola grada jedan je od ciljeva ove gradske administracije.<\/p>\n\n\n\n<h2 class=\"wp-block-heading\">Turisti\u010dki centar i kafeterija sa suvenirnicom<\/h2>\n\n\n\n<p>&#8220;U ovom momentu kroz Projekat prekograni\u010dne saradnje saniramo dvije kule, Kulu 1 i Kulu 2, gdje \u0107e u Kuli 1 biti turisti\u010dki info-centar, a u Kuli 2 \u0107e biti kafeterija sa suvenirnicom. Tako\u0111e, jednu cjelinu izme\u0111u njih, koja je imala svoju namjenu ranije, a koja je bila u potpunosti zapu\u0161tena, vrati\u0107emo u funkciju&#8221;, pri\u010da \u0160ukalo za &#8220;Nezavisne novine&#8221;.<\/p>\n\n\n\n<h2 class=\"wp-block-heading\">Kastel kao nezavisna ustanova<\/h2>\n\n\n\n<p>I dok se rekonstrukcija privodi kraju, Gradska uprava je u proteklom periodu ve\u0107 zavr\u0161ila elaborat u vezi sa opravdanosti da Kastel bude nezavisna ustanova.<\/p>\n\n\n\n<p>&#8220;U tom kontekstu sad i radimo biznis plan gdje smo do\u0161li do zaklju\u010dka da bi u jednom velikom dijelu funkcionisanje same tvr\u0111ave moglo biti i samoodr\u017eivo ukoliko bismo ovom dinamikom nastavili sa rekonstrukcijom i stavljanjem u upotrebu odre\u0111enih prostora koje ovdje imamo&#8221;, navodi ona, dodaju\u0107i da se razmi\u0161lja i o izgradnji nove male pozornice na tvr\u0111avi i o rekonstrukciji jedne sale.<\/p>\n\n\n\n<p>Kada je rije\u010d o novcu, finansijska sredstva koja grad kroz ovaj projekat implementira su oko 300.000 evra.<\/p>\n\n\n\n<p>&#8220;To podrazumijeva da nije sav novac namijenjen za sanaciju, nego i za odre\u0111ene programske aktivnosti&#8221;, obja\u0161njava ona za &#8220;Nezavisne novine&#8221;.<\/p>\n\n\n\n<h2 class=\"wp-block-heading\">Cilj promocija tvr\u0111ave<\/h2>\n\n\n\n<p>Prema rije\u010dima \u0160ukalo, u cilju promocije Kastela ve\u0107 nekoliko godina Grad Banjaluka obilje\u017eava i &#8220;No\u0107 tvr\u0111ava&#8221;.<\/p>\n\n\n\n<p>&#8220;\u017delimo da promovi\u0161emo koji je zna\u010daj, i privredni, i turisti\u010dki, i ekonomski, tvr\u0111ave, ali naravno i sa aspekta za\u0161tite kulturno-istorijskog naslje\u0111a jer poznato je da ovdje na\u0161e dru\u0161tvo arheologa vr\u0161i iskopavanja i da imamo vrlo zna\u010dajne lokalitete na kojima oni rade, a koje tako\u0111e treba konzervirati, za\u0161tititi i staviti na neki na\u010din u svrhu promocije&#8221;, ka\u017ee \u0160ukalo.<\/p>\n\n\n\n<h2 class=\"wp-block-heading\">Kastel bez automobila i koncerata<\/h2>\n\n\n\n<p>Me\u0111u dugoro\u010dnim planovima, kako ka\u017ee, jeste i da se koncertne aktivnosti koje se odr\u017eavaju na Kastelu premjeste na novi koncertni prostor koji \u0107e biti napravljen u velikom parku kod &#8220;Delte&#8221;, dok bi se na Kastelu organizovali samo kulturni sadr\u017eaji.<\/p>\n\n\n\n<p>&#8220;Tako\u0111e, ideja je da se zabrani i ulaz automobilima u samu tvr\u0111avu, a da ugostitelji dobiju parking na parkingu ispod tvr\u0111ave&#8221;, otkriva ona za &#8220;Nezavisne novine&#8221;.<\/p>\n\n\n\n<h2 class=\"wp-block-heading\">&nbsp;Banjaluka dobija &#8220;Safikadin hram ljubavi&#8221;<\/h2>\n\n\n\n<p>Banjaluka bi uskoro, prema rije\u010dima \u0160ukalo, trebalo da dobije i &#8220;Safikadin hram ljubavi&#8221;.<\/p>\n\n\n\n<p>&#8220;Nadamo se da \u0107emo u ovoj godini, kada zavr\u0161imo projekat, po\u010deti izgradnju &#8216;Safikadinog hrama ljubavi&#8217; koji \u0107e omogu\u0107iti i prodaju odre\u0111enih suvenira, paljenje svije\u0107a, stavljanje katanaca i sli\u010dno&#8221;, ka\u017ee ona za &#8220;Nezavisne novine&#8221;.<\/p>\n\n\n\n<figure class=\"wp-block-embed is-type-video is-provider-youtube wp-block-embed-youtube wp-embed-aspect-16-9 wp-has-aspect-ratio\"><div class=\"wp-block-embed__wrapper\">\n<iframe loading=\"lazy\" title=\"Kule Kastela uskoro u novom sjaju, u planu i &quot;Safikadin hram ljubavi&quot;\" width=\"800\" height=\"450\" src=\"https:\/\/www.youtube.com\/embed\/CXs8ZbE5Pow?feature=oembed\" frameborder=\"0\" allow=\"accelerometer; autoplay; clipboard-write; encrypted-media; gyroscope; picture-in-picture; web-share\" referrerpolicy=\"strict-origin-when-cross-origin\" allowfullscreen><\/iframe>\n<\/div><\/figure>\n\n\n\n<p>Preuzeto sa: <a href=\"https:\/\/www.nezavisne.com\/novosti\/banjaluka\/rekonstrukcija-kastel-banjaluka-kule-turizam\/948134\" target=\"_blank\" rel=\"noreferrer noopener\">nezavisne.com<\/a><\/p>\n","protected":false},"excerpt":{"rendered":"<p>Rekonstrukcija Kule 1 i Kule 2 banjalu\u010dke tvr\u0111ave Kastel, koja je zapo\u010deta lani, nastavljena je i u ovoj godini, a<\/p>\n","protected":false},"author":1,"featured_media":49807,"comment_status":"closed","ping_status":"open","sticky":false,"template":"","format":"standard","meta":{"om_disable_all_campaigns":false,"_monsterinsights_skip_tracking":false,"_monsterinsights_sitenote_active":false,"_monsterinsights_sitenote_note":"","_monsterinsights_sitenote_category":0,"footnotes":""},"categories":[2],"tags":[14845,14846],"class_list":["post-49816","post","type-post","status-publish","format-standard","has-post-thumbnail","hentry","category-vijesti","tag-kule-kastela","tag-safikadin-hram-ljubavi"],"jetpack_featured_media_url":"https:\/\/www.mladibl.com\/wp-content\/uploads\/2026\/01\/Kule-Kastela-uskoro-u-novom-sjaju-u-planu-i-_Safikadin-hram-ljubavi_.jpg","amp_enabled":true,"_links":{"self":[{"href":"https:\/\/www.mladibl.com\/index.php?rest_route=\/wp\/v2\/posts\/49816","targetHints":{"allow":["GET"]}}],"collection":[{"href":"https:\/\/www.mladibl.com\/index.php?rest_route=\/wp\/v2\/posts"}],"about":[{"href":"https:\/\/www.mladibl.com\/index.php?rest_route=\/wp\/v2\/types\/post"}],"author":[{"embeddable":true,"href":"https:\/\/www.mladibl.com\/index.php?rest_route=\/wp\/v2\/users\/1"}],"replies":[{"embeddable":true,"href":"https:\/\/www.mladibl.com\/index.php?rest_route=%2Fwp%2Fv2%2Fcomments&post=49816"}],"version-history":[{"count":1,"href":"https:\/\/www.mladibl.com\/index.php?rest_route=\/wp\/v2\/posts\/49816\/revisions"}],"predecessor-version":[{"id":49817,"href":"https:\/\/www.mladibl.com\/index.php?rest_route=\/wp\/v2\/posts\/49816\/revisions\/49817"}],"wp:featuredmedia":[{"embeddable":true,"href":"https:\/\/www.mladibl.com\/index.php?rest_route=\/wp\/v2\/media\/49807"}],"wp:attachment":[{"href":"https:\/\/www.mladibl.com\/index.php?rest_route=%2Fwp%2Fv2%2Fmedia&parent=49816"}],"wp:term":[{"taxonomy":"category","embeddable":true,"href":"https:\/\/www.mladibl.com\/index.php?rest_route=%2Fwp%2Fv2%2Fcategories&post=49816"},{"taxonomy":"post_tag","embeddable":true,"href":"https:\/\/www.mladibl.com\/index.php?rest_route=%2Fwp%2Fv2%2Ftags&post=49816"}],"curies":[{"name":"wp","href":"https:\/\/api.w.org\/{rel}","templated":true}]}}